{"id":6016,"date":"2021-10-21T08:14:17","date_gmt":"2021-10-21T13:14:17","guid":{"rendered":"https:\/\/latam.imagina.cloud\/?p=6016"},"modified":"2021-10-21T08:14:24","modified_gmt":"2021-10-21T13:14:24","slug":"multimodalidade-inovacao-e-mobilidade-definem-tendencias-sustentaveis-no-brasil","status":"publish","type":"post","link":"https:\/\/latamobility.com\/pt-br\/multimodalidade-inovacao-e-mobilidade-definem-tendencias-sustentaveis-no-brasil\/","title":{"rendered":"Multimodalidade, inova\u00e7\u00e3o e mobilidade definem tend\u00eancias sustent\u00e1veis no Brasil"},"content":{"rendered":"\n<p>As cidades congestionadas da Am\u00e9rica Latina fazem com que cada vez mais empresas especializadas em mobilidade e as autoridades governamentais concentrem seus esfor\u00e7os em encontrar uma forma de otimizar o tempo das pessoas por meio da multimobilidade e, por sua vez, que isso n\u00e3o se traduza em grandes custos que afetem a renda dos cidad\u00e3os.<\/p>\n\n\n\n<p><\/p>\n\n\n\n<p>No \u00e2mbito do segundo dia do X Mobility Summit, organizado pela Latam Mobility, foi feita uma radiografia da \u201cSitua\u00e7\u00e3o atual e perspectivas da multimodalidade, inova\u00e7\u00e3o e mobilidade no Brasil\u201d.<\/p>\n\n\n\n<p><\/p>\n\n\n\n<p>Fr\u00e9d\u00e9ric Ollier, de Blablacar, comentou que a ideia \u00e9 ajudar fam\u00edlia e amigos a dividir os custos do aplicativo. Poder viajar para ir \u00e0 universidade e trabalhar, principalmente quando n\u00e3o h\u00e1 transporte p\u00fablico de qualidade, \u00e9 essencial para resolver. Esse \u00e9 um papel para o desenvolvimento do pa\u00eds.<\/p>\n\n\n\n<p><\/p>\n\n\n\n<p>Sobre o benef\u00edcio do carro por assinatura para o consumidor final, Fabio Siracusa da Flua respondeu que a mobilidade urbana em S\u00e3o Paulo gira em torno do carro. Ele observou que ter um mercado com novos modelos est\u00e1 dando \u00e0s pessoas a oportunidade de testar novos ve\u00edculos. Al\u00e9m disso, indicou que pensar em transporte implica em uma quest\u00e3o b\u00e1sica: a oferta gera demanda. O governo tem a capacidade de incentivar o uso e as empresas s\u00e3o respons\u00e1veis \u200b\u200bpor tentar atender \u00e0 demanda. Em Blablacar, o custo \u00e9 h\u00edbrido, ou seja, uma parte \u00e9 da empresa, a outra parte \u00e9 do usu\u00e1rio.<\/p>\n\n\n\n<figure class=\"wp-block-embed is-type-video is-provider-youtube wp-block-embed-youtube wp-embed-aspect-16-9 wp-has-aspect-ratio\"><div class=\"wp-block-embed__wrapper\">\n<iframe title=\"Latam Mobility South America Summit - Dia 2: Brasil (Em portugu\u00eas)\" width=\"720\" height=\"405\" src=\"https:\/\/www.youtube.com\/embed\/Mi-m3D9w5VI?start=1483&#038;feature=oembed\" frameborder=\"0\" allow=\"accelerometer; autoplay; clipboard-write; encrypted-media; gyroscope; picture-in-picture\" allowfullscreen><\/iframe>\n<\/div><\/figure>\n\n\n\n<p><\/p>\n\n\n\n<p>Embora F\u00e1bio j\u00e1 tenha morado em outras cidades e esteja ciente do grande dilema que a mobilidade urbana implica em todas elas, ele testemunhou que a mobilidade em S\u00e3o Paulo tamb\u00e9m est\u00e1 longe do ideal. \u00c9 necess\u00e1rio fazer mudan\u00e7as mais profundas como: a) criar um la\u00e7o para a seguran\u00e7a das pessoas; b) mudan\u00e7a de cultura; c) implementa\u00e7\u00e3o mais ampla dos servi\u00e7os do Minist\u00e9rio do Interior (algo que foi impulsionado pela pandemia); d) os carros aut\u00f4nomos ser\u00e3o uma realidade para o futuro das pessoas, entre outras.<\/p>\n\n\n\n<p><\/p>\n\n\n\n<p>Quando voc\u00ea tem carro, a verdade \u00e9 que 95% ou 96% ficam nas garagens. Com a implanta\u00e7\u00e3o do servi\u00e7o aut\u00f4nomo, o carro passar\u00e1 a ser um servi\u00e7o e eles estar\u00e3o fazendo viagens, ou seja, a vida das pessoas ser\u00e1 transformada.<\/p>\n\n\n\n<p><\/p>\n\n\n\n<p>Pensando em pedestres e ciclistas como uma frota mais sustent\u00e1vel, Roberta Ferreira, da ALD Automotive Brasil explica que, com a pandemia, as pessoas come\u00e7aram a redescobrir os la\u00e7os com o carro como objeto de desejo. Para os mais novos, \u00e9 o contr\u00e1rio. Eles n\u00e3o queriam mais ter um carro, ent\u00e3o come\u00e7aram a usar mais servi\u00e7os de aplicativos. Conclus\u00e3o: o usu\u00e1rio n\u00e3o precisa ter ve\u00edculo pr\u00f3prio.<\/p>\n\n\n\n<p><\/p>\n\n\n\n<p>Ferreira acredita que, sendo um entusiasta de uma cidade que pode fluir, \u00e9 fundamental que o poder p\u00fablico e o privado atuem em conjunto. No entanto, sem clareza, planejamento e investimento, simplesmente migrar de um sistema para outro ser\u00e1 in\u00fatil. As pessoas continuar\u00e3o sofrendo no transporte coletivo, sem as condi\u00e7\u00f5es ideais de conforto, higiene e sa\u00fade. A mobilidade precisa de solu\u00e7\u00f5es que funcionem.<\/p>\n\n\n\n<p><\/p>\n\n\n\n<p>Na rela\u00e7\u00e3o entre poder p\u00fablico e privado, Pedro Palhares, do Moovit, destacou os avan\u00e7os do Home Office na redu\u00e7\u00e3o de custos para as empresas e como devem ser criadas as centralidades. O transporte p\u00fablico \u00e9 o que implica o seguinte trip\u00e9: educa\u00e7\u00e3o, trabalho e lazer. Deve ser inclusivo e as empresas devem trabalhar de acordo com o governo.<\/p>\n\n\n\n<p><\/p>\n\n\n\n<p>Os grandes centros urbanos t\u00eam grandes desafios. Portanto, \u00e9 necess\u00e1rio trabalhar adaptando espa\u00e7os. Para Palhares, as pessoas migram do transporte individual para o p\u00fablico mesmo com infraestrutura e tecnologia limitadas que n\u00e3o facilitam o acesso.<\/p>\n\n\n\n<p><\/p>\n\n\n\n<p>Ele tamb\u00e9m acredita que haver\u00e1 uma revolu\u00e7\u00e3o nos ve\u00edculos el\u00e9tricos e voadores. Al\u00e9m disso, o Moovit tem uma iniciativa para 2022 que envolve carros aut\u00f4nomos. Muita coisa vai acontecer na Europa e na Am\u00e9rica do Norte. Se pensarmos bem, 45% do custo do transporte p\u00fablico implica uma rela\u00e7\u00e3o entre cobrador e motorista. Isso vai mudar radicalmente. \u00c9 um mundo que veremos surgir relativamente em breve. O transporte p\u00fablico vai mudar.<\/p>\n\n\n\n<p><\/p>\n\n\n\n<p>A necessidade de novas alternativas trouxe consigo um novo comportamento para os usu\u00e1rios do transporte p\u00fablico ou privado, inserindo nessa equa\u00e7\u00e3o a mudan\u00e7a de cultura no autom\u00f3vel por assinatura e tamb\u00e9m o avan\u00e7o dos autom\u00f3veis por aplica\u00e7\u00e3o. Palhares afirmou que o usu\u00e1rio usar\u00e1 o melhor pre\u00e7o e comodidade. As pessoas geralmente t\u00eam os p\u00e9s no ch\u00e3o e lidam com limita\u00e7\u00f5es f\u00edsicas. Eles precisam trabalhar com sustentabilidade.<\/p>\n","protected":false},"excerpt":{"rendered":"<p>As cidades congestionadas da Am\u00e9rica Latina fazem com que cada vez mais empresas especializadas em mobilidade e as autoridades governamentais concentrem seus esfor\u00e7os em encontrar uma forma de otimizar o tempo das pessoas por meio da multimobilidade e, por sua vez, que isso n\u00e3o se traduza em grandes custos que afetem a renda dos cidad\u00e3os&#8230;.<\/p>\n","protected":false},"author":10,"featured_media":6013,"comment_status":"open","ping_status":"closed","sticky":false,"template":"","format":"standard","meta":{"_kad_post_transparent":"","_kad_post_title":"","_kad_post_layout":"","_kad_post_sidebar_id":"","_kad_post_content_style":"","_kad_post_vertical_padding":"","_kad_post_feature":"","_kad_post_feature_position":"","_kad_post_header":false,"_kad_post_footer":false,"_kad_post_classname":"","footnotes":""},"categories":[1468],"tags":[1579,1581],"class_list":["post-6016","post","type-post","status-publish","format-standard","has-post-thumbnail","hentry","category-nao-categorizado","tag-mobilidade-sustentaveis-brasil","tag-x-cumbre-movilidad-sostenible"],"yoast_head":"<!-- This site is optimized with the Yoast SEO Premium plugin v22.7 (Yoast SEO v27.4) - https:\/\/yoast.com\/product\/yoast-seo-premium-wordpress\/ -->\n<title>Multimodalidade, inova\u00e7\u00e3o e mobilidade definem tend\u00eancias sustent\u00e1veis no Brasil - Latam Mobility<\/title>\n<meta name=\"description\" content=\"As cidades congestionadas da Am\u00e9rica Latina fazem com que cada vez mais empresas especializadas em mobilidade e as autoridades governamentais concentrem\" \/>\n<meta name=\"robots\" content=\"index, follow, max-snippet:-1, max-image-preview:large, max-video-preview:-1\" \/>\n<link rel=\"canonical\" href=\"https:\/\/latamobility.com\/pt-br\/multimodalidade-inovacao-e-mobilidade-definem-tendencias-sustentaveis-no-brasil\/\" \/>\n<meta property=\"og:locale\" content=\"pt_BR\" \/>\n<meta property=\"og:type\" content=\"article\" \/>\n<meta property=\"og:title\" content=\"Multimodalidade, inova\u00e7\u00e3o e mobilidade definem tend\u00eancias sustent\u00e1veis no Brasil\" \/>\n<meta property=\"og:description\" content=\"As cidades congestionadas da Am\u00e9rica Latina fazem com que cada vez mais empresas especializadas em mobilidade e as autoridades governamentais concentrem seus esfor\u00e7os em encontrar uma forma de otimizar o tempo das pessoas por meio da multimobilidade e, por sua vez, que isso n\u00e3o se traduza em grandes custos que afetem a renda dos cidad\u00e3os.\" \/>\n<meta property=\"og:url\" content=\"https:\/\/latamobility.com\/pt-br\/multimodalidade-inovacao-e-mobilidade-definem-tendencias-sustentaveis-no-brasil\/\" \/>\n<meta property=\"og:site_name\" content=\"Latam Mobility\" \/>\n<meta property=\"article:publisher\" content=\"https:\/\/www.facebook.com\/latamobility\/\" \/>\n<meta property=\"article:published_time\" content=\"2021-10-21T13:14:17+00:00\" \/>\n<meta property=\"article:modified_time\" content=\"2021-10-21T13:14:24+00:00\" \/>\n<meta property=\"og:image\" content=\"https:\/\/latamobility.com\/wp-content\/uploads\/2021\/10\/Panel-2-brasil.jpg\" \/>\n\t<meta property=\"og:image:width\" content=\"1366\" \/>\n\t<meta property=\"og:image:height\" content=\"768\" \/>\n\t<meta property=\"og:image:type\" content=\"image\/jpeg\" \/>\n<meta name=\"author\" content=\"Antonio Vilela\" \/>\n<meta name=\"twitter:card\" content=\"summary_large_image\" \/>\n<meta name=\"twitter:title\" content=\"Multimodalidade, inova\u00e7\u00e3o e mobilidade definem tend\u00eancias sustent\u00e1veis no Brasil\" \/>\n<meta name=\"twitter:description\" content=\"As cidades congestionadas da Am\u00e9rica Latina fazem com que cada vez mais empresas especializadas em mobilidade e as autoridades governamentais concentrem seus esfor\u00e7os em encontrar uma forma de otimizar o tempo das pessoas por meio da multimobilidade e, por sua vez, que isso n\u00e3o se traduza em grandes custos que afetem a renda dos cidad\u00e3os.\" \/>\n<meta name=\"twitter:creator\" content=\"@LataMobility\" \/>\n<meta name=\"twitter:site\" content=\"@LataMobility\" \/>\n<meta name=\"twitter:label1\" content=\"Escrito por\" \/>\n\t<meta name=\"twitter:data1\" content=\"Antonio Vilela\" \/>\n\t<meta name=\"twitter:label2\" content=\"Est. tempo de leitura\" \/>\n\t<meta name=\"twitter:data2\" content=\"4 minutos\" \/>\n<script type=\"application\/ld+json\" class=\"yoast-schema-graph\">{\"@context\":\"https:\\\/\\\/schema.org\",\"@graph\":[{\"@type\":\"Article\",\"@id\":\"https:\\\/\\\/latamobility.com\\\/pt-br\\\/multimodalidade-inovacao-e-mobilidade-definem-tendencias-sustentaveis-no-brasil\\\/#article\",\"isPartOf\":{\"@id\":\"https:\\\/\\\/latamobility.com\\\/pt-br\\\/multimodalidade-inovacao-e-mobilidade-definem-tendencias-sustentaveis-no-brasil\\\/\"},\"author\":{\"name\":\"Antonio Vilela\",\"@id\":\"https:\\\/\\\/latamobility.com\\\/#\\\/schema\\\/person\\\/fda092a2de1f87d347784282908bad1a\"},\"headline\":\"Multimodalidade, inova\u00e7\u00e3o e mobilidade definem tend\u00eancias sustent\u00e1veis no Brasil\",\"datePublished\":\"2021-10-21T13:14:17+00:00\",\"dateModified\":\"2021-10-21T13:14:24+00:00\",\"mainEntityOfPage\":{\"@id\":\"https:\\\/\\\/latamobility.com\\\/pt-br\\\/multimodalidade-inovacao-e-mobilidade-definem-tendencias-sustentaveis-no-brasil\\\/\"},\"wordCount\":817,\"commentCount\":0,\"publisher\":{\"@id\":\"https:\\\/\\\/latamobility.com\\\/#organization\"},\"image\":{\"@id\":\"https:\\\/\\\/latamobility.com\\\/pt-br\\\/multimodalidade-inovacao-e-mobilidade-definem-tendencias-sustentaveis-no-brasil\\\/#primaryimage\"},\"thumbnailUrl\":\"https:\\\/\\\/latamobility.com\\\/wp-content\\\/uploads\\\/2021\\\/10\\\/Panel-2-brasil.jpg\",\"keywords\":[\"Mobilidade sustent\u00e1veis Brasil\",\"X Cumbre Movilidad Sostenible\"],\"articleSection\":[\"N\u00e3o categorizado\"],\"inLanguage\":\"pt-BR\",\"potentialAction\":[{\"@type\":\"CommentAction\",\"name\":\"Comment\",\"target\":[\"https:\\\/\\\/latamobility.com\\\/pt-br\\\/multimodalidade-inovacao-e-mobilidade-definem-tendencias-sustentaveis-no-brasil\\\/#respond\"]}]},{\"@type\":\"WebPage\",\"@id\":\"https:\\\/\\\/latamobility.com\\\/pt-br\\\/multimodalidade-inovacao-e-mobilidade-definem-tendencias-sustentaveis-no-brasil\\\/\",\"url\":\"https:\\\/\\\/latamobility.com\\\/pt-br\\\/multimodalidade-inovacao-e-mobilidade-definem-tendencias-sustentaveis-no-brasil\\\/\",\"name\":\"Multimodalidade, inova\u00e7\u00e3o e mobilidade definem tend\u00eancias sustent\u00e1veis no Brasil - Latam Mobility\",\"isPartOf\":{\"@id\":\"https:\\\/\\\/latamobility.com\\\/#website\"},\"primaryImageOfPage\":{\"@id\":\"https:\\\/\\\/latamobility.com\\\/pt-br\\\/multimodalidade-inovacao-e-mobilidade-definem-tendencias-sustentaveis-no-brasil\\\/#primaryimage\"},\"image\":{\"@id\":\"https:\\\/\\\/latamobility.com\\\/pt-br\\\/multimodalidade-inovacao-e-mobilidade-definem-tendencias-sustentaveis-no-brasil\\\/#primaryimage\"},\"thumbnailUrl\":\"https:\\\/\\\/latamobility.com\\\/wp-content\\\/uploads\\\/2021\\\/10\\\/Panel-2-brasil.jpg\",\"datePublished\":\"2021-10-21T13:14:17+00:00\",\"dateModified\":\"2021-10-21T13:14:24+00:00\",\"description\":\"As cidades congestionadas da Am\u00e9rica Latina fazem com que cada vez mais empresas especializadas em mobilidade e as autoridades governamentais concentrem\",\"breadcrumb\":{\"@id\":\"https:\\\/\\\/latamobility.com\\\/pt-br\\\/multimodalidade-inovacao-e-mobilidade-definem-tendencias-sustentaveis-no-brasil\\\/#breadcrumb\"},\"inLanguage\":\"pt-BR\",\"potentialAction\":[{\"@type\":\"ReadAction\",\"target\":[\"https:\\\/\\\/latamobility.com\\\/pt-br\\\/multimodalidade-inovacao-e-mobilidade-definem-tendencias-sustentaveis-no-brasil\\\/\"]}]},{\"@type\":\"ImageObject\",\"inLanguage\":\"pt-BR\",\"@id\":\"https:\\\/\\\/latamobility.com\\\/pt-br\\\/multimodalidade-inovacao-e-mobilidade-definem-tendencias-sustentaveis-no-brasil\\\/#primaryimage\",\"url\":\"https:\\\/\\\/latamobility.com\\\/wp-content\\\/uploads\\\/2021\\\/10\\\/Panel-2-brasil.jpg\",\"contentUrl\":\"https:\\\/\\\/latamobility.com\\\/wp-content\\\/uploads\\\/2021\\\/10\\\/Panel-2-brasil.jpg\",\"width\":1366,\"height\":768},{\"@type\":\"BreadcrumbList\",\"@id\":\"https:\\\/\\\/latamobility.com\\\/pt-br\\\/multimodalidade-inovacao-e-mobilidade-definem-tendencias-sustentaveis-no-brasil\\\/#breadcrumb\",\"itemListElement\":[{\"@type\":\"ListItem\",\"position\":1,\"name\":\"Portada\",\"item\":\"https:\\\/\\\/latamobility.com\\\/pt-br\\\/\"},{\"@type\":\"ListItem\",\"position\":2,\"name\":\"Multimodalidade, inova\u00e7\u00e3o e mobilidade definem tend\u00eancias sustent\u00e1veis no Brasil\"}]},{\"@type\":\"WebSite\",\"@id\":\"https:\\\/\\\/latamobility.com\\\/#website\",\"url\":\"https:\\\/\\\/latamobility.com\\\/\",\"name\":\"Latam Mobility\",\"description\":\"Serie de Eventos para promover la Movilidad y Transporte sostenible en Latinoam\u00e9rica\",\"publisher\":{\"@id\":\"https:\\\/\\\/latamobility.com\\\/#organization\"},\"potentialAction\":[{\"@type\":\"SearchAction\",\"target\":{\"@type\":\"EntryPoint\",\"urlTemplate\":\"https:\\\/\\\/latamobility.com\\\/?s={search_term_string}\"},\"query-input\":{\"@type\":\"PropertyValueSpecification\",\"valueRequired\":true,\"valueName\":\"search_term_string\"}}],\"inLanguage\":\"pt-BR\"},{\"@type\":\"Organization\",\"@id\":\"https:\\\/\\\/latamobility.com\\\/#organization\",\"name\":\"LATAM MOBILITY\",\"url\":\"https:\\\/\\\/latamobility.com\\\/\",\"logo\":{\"@type\":\"ImageObject\",\"inLanguage\":\"pt-BR\",\"@id\":\"https:\\\/\\\/latamobility.com\\\/#\\\/schema\\\/logo\\\/image\\\/\",\"url\":\"https:\\\/\\\/latamobility.com\\\/wp-content\\\/uploads\\\/2025\\\/01\\\/logos-LM-LG-2025-10.png\",\"contentUrl\":\"https:\\\/\\\/latamobility.com\\\/wp-content\\\/uploads\\\/2025\\\/01\\\/logos-LM-LG-2025-10.png\",\"width\":1080,\"height\":1080,\"caption\":\"LATAM MOBILITY\"},\"image\":{\"@id\":\"https:\\\/\\\/latamobility.com\\\/#\\\/schema\\\/logo\\\/image\\\/\"},\"sameAs\":[\"https:\\\/\\\/www.facebook.com\\\/latamobility\\\/\",\"https:\\\/\\\/x.com\\\/LataMobility\",\"https:\\\/\\\/www.instagram.com\\\/latamobility\\\/\",\"https:\\\/\\\/www.linkedin.com\\\/company\\\/latamobility\\\/\",\"https:\\\/\\\/www.youtube.com\\\/channel\\\/UCtcslRCRY0vITWaOQ1X0XUA\"]},{\"@type\":\"Person\",\"@id\":\"https:\\\/\\\/latamobility.com\\\/#\\\/schema\\\/person\\\/fda092a2de1f87d347784282908bad1a\",\"name\":\"Antonio Vilela\",\"image\":{\"@type\":\"ImageObject\",\"inLanguage\":\"pt-BR\",\"@id\":\"https:\\\/\\\/secure.gravatar.com\\\/avatar\\\/7eee8196fd2fda180806d7b41cd517f274d5ad3b9f65d873feb3ca7e2b3a72d2?s=96&d=mm&r=g\",\"url\":\"https:\\\/\\\/secure.gravatar.com\\\/avatar\\\/7eee8196fd2fda180806d7b41cd517f274d5ad3b9f65d873feb3ca7e2b3a72d2?s=96&d=mm&r=g\",\"contentUrl\":\"https:\\\/\\\/secure.gravatar.com\\\/avatar\\\/7eee8196fd2fda180806d7b41cd517f274d5ad3b9f65d873feb3ca7e2b3a72d2?s=96&d=mm&r=g\",\"caption\":\"Antonio Vilela\"}}]}<\/script>\n<!-- \/ Yoast SEO Premium plugin. -->","yoast_head_json":{"title":"Multimodalidade, inova\u00e7\u00e3o e mobilidade definem tend\u00eancias sustent\u00e1veis no Brasil - Latam Mobility","description":"As cidades congestionadas da Am\u00e9rica Latina fazem com que cada vez mais empresas especializadas em mobilidade e as autoridades governamentais concentrem","robots":{"index":"index","follow":"follow","max-snippet":"max-snippet:-1","max-image-preview":"max-image-preview:large","max-video-preview":"max-video-preview:-1"},"canonical":"https:\/\/latamobility.com\/pt-br\/multimodalidade-inovacao-e-mobilidade-definem-tendencias-sustentaveis-no-brasil\/","og_locale":"pt_BR","og_type":"article","og_title":"Multimodalidade, inova\u00e7\u00e3o e mobilidade definem tend\u00eancias sustent\u00e1veis no Brasil","og_description":"As cidades congestionadas da Am\u00e9rica Latina fazem com que cada vez mais empresas especializadas em mobilidade e as autoridades governamentais concentrem seus esfor\u00e7os em encontrar uma forma de otimizar o tempo das pessoas por meio da multimobilidade e, por sua vez, que isso n\u00e3o se traduza em grandes custos que afetem a renda dos cidad\u00e3os.","og_url":"https:\/\/latamobility.com\/pt-br\/multimodalidade-inovacao-e-mobilidade-definem-tendencias-sustentaveis-no-brasil\/","og_site_name":"Latam Mobility","article_publisher":"https:\/\/www.facebook.com\/latamobility\/","article_published_time":"2021-10-21T13:14:17+00:00","article_modified_time":"2021-10-21T13:14:24+00:00","og_image":[{"width":1366,"height":768,"url":"https:\/\/latamobility.com\/wp-content\/uploads\/2021\/10\/Panel-2-brasil.jpg","type":"image\/jpeg"}],"author":"Antonio Vilela","twitter_card":"summary_large_image","twitter_title":"Multimodalidade, inova\u00e7\u00e3o e mobilidade definem tend\u00eancias sustent\u00e1veis no Brasil","twitter_description":"As cidades congestionadas da Am\u00e9rica Latina fazem com que cada vez mais empresas especializadas em mobilidade e as autoridades governamentais concentrem seus esfor\u00e7os em encontrar uma forma de otimizar o tempo das pessoas por meio da multimobilidade e, por sua vez, que isso n\u00e3o se traduza em grandes custos que afetem a renda dos cidad\u00e3os.","twitter_creator":"@LataMobility","twitter_site":"@LataMobility","twitter_misc":{"Escrito por":"Antonio Vilela","Est. tempo de leitura":"4 minutos"},"schema":{"@context":"https:\/\/schema.org","@graph":[{"@type":"Article","@id":"https:\/\/latamobility.com\/pt-br\/multimodalidade-inovacao-e-mobilidade-definem-tendencias-sustentaveis-no-brasil\/#article","isPartOf":{"@id":"https:\/\/latamobility.com\/pt-br\/multimodalidade-inovacao-e-mobilidade-definem-tendencias-sustentaveis-no-brasil\/"},"author":{"name":"Antonio Vilela","@id":"https:\/\/latamobility.com\/#\/schema\/person\/fda092a2de1f87d347784282908bad1a"},"headline":"Multimodalidade, inova\u00e7\u00e3o e mobilidade definem tend\u00eancias sustent\u00e1veis no Brasil","datePublished":"2021-10-21T13:14:17+00:00","dateModified":"2021-10-21T13:14:24+00:00","mainEntityOfPage":{"@id":"https:\/\/latamobility.com\/pt-br\/multimodalidade-inovacao-e-mobilidade-definem-tendencias-sustentaveis-no-brasil\/"},"wordCount":817,"commentCount":0,"publisher":{"@id":"https:\/\/latamobility.com\/#organization"},"image":{"@id":"https:\/\/latamobility.com\/pt-br\/multimodalidade-inovacao-e-mobilidade-definem-tendencias-sustentaveis-no-brasil\/#primaryimage"},"thumbnailUrl":"https:\/\/latamobility.com\/wp-content\/uploads\/2021\/10\/Panel-2-brasil.jpg","keywords":["Mobilidade sustent\u00e1veis Brasil","X Cumbre Movilidad Sostenible"],"articleSection":["N\u00e3o categorizado"],"inLanguage":"pt-BR","potentialAction":[{"@type":"CommentAction","name":"Comment","target":["https:\/\/latamobility.com\/pt-br\/multimodalidade-inovacao-e-mobilidade-definem-tendencias-sustentaveis-no-brasil\/#respond"]}]},{"@type":"WebPage","@id":"https:\/\/latamobility.com\/pt-br\/multimodalidade-inovacao-e-mobilidade-definem-tendencias-sustentaveis-no-brasil\/","url":"https:\/\/latamobility.com\/pt-br\/multimodalidade-inovacao-e-mobilidade-definem-tendencias-sustentaveis-no-brasil\/","name":"Multimodalidade, inova\u00e7\u00e3o e mobilidade definem tend\u00eancias sustent\u00e1veis no Brasil - Latam Mobility","isPartOf":{"@id":"https:\/\/latamobility.com\/#website"},"primaryImageOfPage":{"@id":"https:\/\/latamobility.com\/pt-br\/multimodalidade-inovacao-e-mobilidade-definem-tendencias-sustentaveis-no-brasil\/#primaryimage"},"image":{"@id":"https:\/\/latamobility.com\/pt-br\/multimodalidade-inovacao-e-mobilidade-definem-tendencias-sustentaveis-no-brasil\/#primaryimage"},"thumbnailUrl":"https:\/\/latamobility.com\/wp-content\/uploads\/2021\/10\/Panel-2-brasil.jpg","datePublished":"2021-10-21T13:14:17+00:00","dateModified":"2021-10-21T13:14:24+00:00","description":"As cidades congestionadas da Am\u00e9rica Latina fazem com que cada vez mais empresas especializadas em mobilidade e as autoridades governamentais concentrem","breadcrumb":{"@id":"https:\/\/latamobility.com\/pt-br\/multimodalidade-inovacao-e-mobilidade-definem-tendencias-sustentaveis-no-brasil\/#breadcrumb"},"inLanguage":"pt-BR","potentialAction":[{"@type":"ReadAction","target":["https:\/\/latamobility.com\/pt-br\/multimodalidade-inovacao-e-mobilidade-definem-tendencias-sustentaveis-no-brasil\/"]}]},{"@type":"ImageObject","inLanguage":"pt-BR","@id":"https:\/\/latamobility.com\/pt-br\/multimodalidade-inovacao-e-mobilidade-definem-tendencias-sustentaveis-no-brasil\/#primaryimage","url":"https:\/\/latamobility.com\/wp-content\/uploads\/2021\/10\/Panel-2-brasil.jpg","contentUrl":"https:\/\/latamobility.com\/wp-content\/uploads\/2021\/10\/Panel-2-brasil.jpg","width":1366,"height":768},{"@type":"BreadcrumbList","@id":"https:\/\/latamobility.com\/pt-br\/multimodalidade-inovacao-e-mobilidade-definem-tendencias-sustentaveis-no-brasil\/#breadcrumb","itemListElement":[{"@type":"ListItem","position":1,"name":"Portada","item":"https:\/\/latamobility.com\/pt-br\/"},{"@type":"ListItem","position":2,"name":"Multimodalidade, inova\u00e7\u00e3o e mobilidade definem tend\u00eancias sustent\u00e1veis no Brasil"}]},{"@type":"WebSite","@id":"https:\/\/latamobility.com\/#website","url":"https:\/\/latamobility.com\/","name":"Latam Mobility","description":"Serie de Eventos para promover la Movilidad y Transporte sostenible en Latinoam\u00e9rica","publisher":{"@id":"https:\/\/latamobility.com\/#organization"},"potentialAction":[{"@type":"SearchAction","target":{"@type":"EntryPoint","urlTemplate":"https:\/\/latamobility.com\/?s={search_term_string}"},"query-input":{"@type":"PropertyValueSpecification","valueRequired":true,"valueName":"search_term_string"}}],"inLanguage":"pt-BR"},{"@type":"Organization","@id":"https:\/\/latamobility.com\/#organization","name":"LATAM MOBILITY","url":"https:\/\/latamobility.com\/","logo":{"@type":"ImageObject","inLanguage":"pt-BR","@id":"https:\/\/latamobility.com\/#\/schema\/logo\/image\/","url":"https:\/\/latamobility.com\/wp-content\/uploads\/2025\/01\/logos-LM-LG-2025-10.png","contentUrl":"https:\/\/latamobility.com\/wp-content\/uploads\/2025\/01\/logos-LM-LG-2025-10.png","width":1080,"height":1080,"caption":"LATAM MOBILITY"},"image":{"@id":"https:\/\/latamobility.com\/#\/schema\/logo\/image\/"},"sameAs":["https:\/\/www.facebook.com\/latamobility\/","https:\/\/x.com\/LataMobility","https:\/\/www.instagram.com\/latamobility\/","https:\/\/www.linkedin.com\/company\/latamobility\/","https:\/\/www.youtube.com\/channel\/UCtcslRCRY0vITWaOQ1X0XUA"]},{"@type":"Person","@id":"https:\/\/latamobility.com\/#\/schema\/person\/fda092a2de1f87d347784282908bad1a","name":"Antonio Vilela","image":{"@type":"ImageObject","inLanguage":"pt-BR","@id":"https:\/\/secure.gravatar.com\/avatar\/7eee8196fd2fda180806d7b41cd517f274d5ad3b9f65d873feb3ca7e2b3a72d2?s=96&d=mm&r=g","url":"https:\/\/secure.gravatar.com\/avatar\/7eee8196fd2fda180806d7b41cd517f274d5ad3b9f65d873feb3ca7e2b3a72d2?s=96&d=mm&r=g","contentUrl":"https:\/\/secure.gravatar.com\/avatar\/7eee8196fd2fda180806d7b41cd517f274d5ad3b9f65d873feb3ca7e2b3a72d2?s=96&d=mm&r=g","caption":"Antonio Vilela"}}]}},"_links":{"self":[{"href":"https:\/\/latamobility.com\/pt-br\/wp-json\/wp\/v2\/posts\/6016","targetHints":{"allow":["GET"]}}],"collection":[{"href":"https:\/\/latamobility.com\/pt-br\/wp-json\/wp\/v2\/posts"}],"about":[{"href":"https:\/\/latamobility.com\/pt-br\/wp-json\/wp\/v2\/types\/post"}],"author":[{"embeddable":true,"href":"https:\/\/latamobility.com\/pt-br\/wp-json\/wp\/v2\/users\/10"}],"replies":[{"embeddable":true,"href":"https:\/\/latamobility.com\/pt-br\/wp-json\/wp\/v2\/comments?post=6016"}],"version-history":[{"count":0,"href":"https:\/\/latamobility.com\/pt-br\/wp-json\/wp\/v2\/posts\/6016\/revisions"}],"wp:featuredmedia":[{"embeddable":true,"href":"https:\/\/latamobility.com\/pt-br\/wp-json\/wp\/v2\/media\/6013"}],"wp:attachment":[{"href":"https:\/\/latamobility.com\/pt-br\/wp-json\/wp\/v2\/media?parent=6016"}],"wp:term":[{"taxonomy":"category","embeddable":true,"href":"https:\/\/latamobility.com\/pt-br\/wp-json\/wp\/v2\/categories?post=6016"},{"taxonomy":"post_tag","embeddable":true,"href":"https:\/\/latamobility.com\/pt-br\/wp-json\/wp\/v2\/tags?post=6016"}],"curies":[{"name":"wp","href":"https:\/\/api.w.org\/{rel}","templated":true}]}}