{"id":62747,"date":"2026-04-10T05:00:00","date_gmt":"2026-04-10T10:00:00","guid":{"rendered":"https:\/\/latamobility.com\/?p=62747"},"modified":"2026-04-06T17:58:08","modified_gmt":"2026-04-06T22:58:08","slug":"cadillac-brasil-gm-suvs-eletricos-2026","status":"publish","type":"post","link":"https:\/\/latamobility.com\/pt-br\/cadillac-brasil-gm-suvs-eletricos-2026\/","title":{"rendered":"Cadillac desembarca no Brasil e marca um novo cap\u00edtulo\u00a0para a General Motors na Am\u00e9rica do Sul"},"content":{"rendered":"\n<p>Em um marco que redefine sua presen\u00e7a na Am\u00e9rica Latina, a <strong>General Motors<\/strong> (GM) <strong><a href=\"https:\/\/news.gm.com\/home.detail.html\/Pages\/topic\/us\/en\/2026\/mar\/0313-cadillac-brazil.html\">confirmou<\/a> <\/strong>a <strong>chegada oficial da Cadillac ao Brasil<\/strong>, marcando a entrada da empresa no competitivo segmento de ve\u00edculos de luxo do pa\u00eds.\u00a0<strong>O an\u00fancio representa um novo cap\u00edtulo<\/strong>\u00a0na estrat\u00e9gia de expans\u00e3o global da marca americana.<\/p>\n\n\n\n<p><strong>O Brasil se torna o primeiro mercado da Am\u00e9rica do Sul<\/strong>\u00a0a receber a prestigiada marca, consolidando a relev\u00e2ncia estrat\u00e9gica do pa\u00eds dentro das opera\u00e7\u00f5es regionais da <strong>GM<\/strong>.<\/p>\n\n\n\n<p>Esta iniciativa n\u00e3o apenas amplia a presen\u00e7a da empresa no mercado local, mas tamb\u00e9m&nbsp;<strong>inaugura um novo ciclo de expans\u00e3o estrutural<\/strong>&nbsp;na regi\u00e3o, diversificando seus neg\u00f3cios para segmentos de maior valor agregado e prest\u00edgio internacional.<\/p>\n\n\n\n<p>A decis\u00e3o da <strong>GM <\/strong>de trazer a <strong>Cadillac <\/strong>ao <strong>Brasil <\/strong>responde a\u00a0<strong>uma vis\u00e3o de longo prazo<\/strong>\u00a0que combina a maturidade do mercado nacional, o crescimento do segmento premium e um ambiente favor\u00e1vel para a expans\u00e3o de marcas globais de luxo.<\/p>\n\n\n\n<p>De acordo com dados do setor, o segmento de luxo automotivo no <strong>Brasil <\/strong>representou <strong>2,08% das vendas totais de ve\u00edculos em 2025<\/strong>, com marcas como <strong>BMW <\/strong>(30,7% de participa\u00e7\u00e3o), <strong>Volvo <\/strong>(21,9%) e <strong>Mercedes-Benz<\/strong> (15,2%) liderando o mercado.<\/p>\n\n\n\n<p><strong>Nesse contexto de crescente sofistica\u00e7\u00e3o<\/strong>\u00a0e demanda por experi\u00eancias exclusivas, a <strong>Cadillac <\/strong>busca se posicionar como uma alternativa diferenciada, apoiando-se em sua heran\u00e7a de mais de um s\u00e9culo de inova\u00e7\u00e3o e em seu investimento na eletrifica\u00e7\u00e3o.<\/p>\n\n\n\n<p><strong>Voc\u00ea tamb\u00e9m pode se interessar por<\/strong>:\u00a0<strong><a href=\"https:\/\/latamobility.com\/pt-br\/brasil-traca-o-roteiro-para-a-mobilidade-sustentavel-na-latam-interoperabilidade-e-reindustrializacao-ditam-o-ritmo\/\">Brasil tra\u00e7a o roteiro da mobilidade sustent\u00e1vel na America Latina: interoperabilidade e reindustrializa\u00e7\u00e3o ditam o ritmo<\/a><\/strong><\/p>\n\n\n\n<h2 class=\"wp-block-heading\" id=\"h-portfolio-100-eletrico-optiq-lyriq-e-vistiq\"><strong>Portf\u00f3lio 100% el\u00e9trico: OPTIQ, LYRIQ e VISTIQ<\/strong><\/h2>\n\n\n\n<p>A <strong>Cadillac <\/strong>inicia sua trajet\u00f3ria no <strong>Brasil <\/strong>com\u00a0<strong>uma proposta ousada<\/strong>\u00a0alinhada \u00e0s tend\u00eancias globais de mobilidade sustent\u00e1vel: um portf\u00f3lio inicial composto exclusivamente por\u00a0<strong>tr\u00eas SUVs 100% el\u00e9tricos<\/strong>.<\/p>\n\n\n\n<p>Os modelos selecionados para esta primeira fase s\u00e3o <strong>o<\/strong> <strong>Cadillac OPTIQ, o Cadillac LYRIQ e o Cadillac VISTIQ<\/strong>, todos constru\u00eddos sobre a avan\u00e7ada plataforma <strong>Ultium <\/strong>da <strong>General Motors<\/strong>, que integra c\u00e9lulas de bateria modulares e um sistema de propuls\u00e3o altamente eficiente e escal\u00e1vel.<\/p>\n\n\n\n<p>O <strong>Cadillac OPTIQ<\/strong> se posiciona como o modelo de entrada e estar\u00e1 dispon\u00edvel em vers\u00f5es com tra\u00e7\u00e3o traseira (319 cavalos) e tra\u00e7\u00e3o integral (446 cavalos), ambas alimentadas por uma bateria de 85 kWh que proporciona\u00a0<strong>autonomia de at\u00e9 510 quil\u00f4metros<\/strong>\u00a0no ciclo EPA americano.<\/p>\n\n\n\n<p><strong>Um fator-chave para sua competitividade<\/strong>&nbsp;no mercado brasileiro \u00e9 que o OPTIQ \u00e9 produzido no M\u00e9xico, o que o isenta do imposto de importa\u00e7\u00e3o gra\u00e7as ao acordo comercial vigente entre os dois pa\u00edses \u2014&nbsp;<strong>um detalhe que pode baratear o pre\u00e7o final<\/strong>&nbsp;para os compradores.<\/p>\n\n\n\n<figure class=\"wp-block-image size-full\"><img fetchpriority=\"high\" decoding=\"async\" width=\"1000\" height=\"562\" src=\"https:\/\/latamobility.com\/wp-content\/uploads\/2026\/04\/CADILLAC_OPTIQ.webp\" alt=\"Cadillac\" class=\"wp-image-62722\" srcset=\"https:\/\/latamobility.com\/wp-content\/uploads\/2026\/04\/CADILLAC_OPTIQ.webp 1000w, https:\/\/latamobility.com\/wp-content\/uploads\/2026\/04\/CADILLAC_OPTIQ-300x169.webp 300w, https:\/\/latamobility.com\/wp-content\/uploads\/2026\/04\/CADILLAC_OPTIQ-768x432.webp 768w, https:\/\/latamobility.com\/wp-content\/uploads\/2026\/04\/CADILLAC_OPTIQ-600x337.webp 600w\" sizes=\"(max-width: 1000px) 100vw, 1000px\" \/><figcaption class=\"wp-element-caption\">Cadillac OPTIQ<\/figcaption><\/figure>\n\n\n\n<p>No pr\u00f3ximo n\u00edvel est\u00e1 o <strong>Cadillac LYRIQ<\/strong>, o pioneiro el\u00e9trico da marca. Sua bateria de 102 kWh permite\u00a0<strong>autonomia de at\u00e9 525 quil\u00f4metros<\/strong>\u00a0e oferece duas configura\u00e7\u00f5es: uma vers\u00e3o de tra\u00e7\u00e3o traseira com 369 cavalos e outra de tra\u00e7\u00e3o integral com maior desempenho.<\/p>\n\n\n\n<p>O <strong>LYRIQ <\/strong>que chegar\u00e1 ao Brasil incorpora as \u00faltimas atualiza\u00e7\u00f5es da marca, incluindo\u00a0<strong>um sistema de som premium com 23 alto-falantes<\/strong>, um head-up display com realidade aumentada e op\u00e7\u00f5es de rodas de at\u00e9 22 polegadas \u2014 elementos que buscam oferecer\u00a0<strong>uma experi\u00eancia a bordo compar\u00e1vel \u00e0 de uma cabine de primeira classe<\/strong>.<\/p>\n\n\n\n<p>Fechando a linha est\u00e1 o<strong> Cadillac VISTIQ<\/strong>, um SUV de maiores dimens\u00f5es que se posiciona entre o <strong>LYRIQ <\/strong>e o emblem\u00e1tico <strong>Escalade IQ<\/strong> (ainda n\u00e3o confirmado para o Brasil). Embora a <strong>GM <\/strong>n\u00e3o tenha revelado todos os detalhes t\u00e9cnicos da vers\u00e3o que chegar\u00e1 ao pa\u00eds, o <strong>VISTIQ <\/strong>\u00e9 concebido para oferecer\u00a0<strong>maior espa\u00e7o interno, tecnologia de ponta e desempenho \u00e0 altura do seu porte<\/strong>, completando uma oferta que cobre diferentes necessidades dentro do segmento premium de SUVs el\u00e9tricos.<\/p>\n\n\n\n<p><strong>Os pre\u00e7os desses modelos<\/strong>&nbsp;\u2014 um aspecto crucial para a aceita\u00e7\u00e3o no mercado \u2014 ainda n\u00e3o foram oficializados pela empresa.<\/p>\n\n\n\n<figure class=\"wp-block-image size-large\"><img decoding=\"async\" width=\"1024\" height=\"674\" src=\"https:\/\/latamobility.com\/wp-content\/uploads\/2026\/04\/cadillac-LYRIQ-1024x674.jpg\" alt=\"Cadillac\" class=\"wp-image-62725\" srcset=\"https:\/\/latamobility.com\/wp-content\/uploads\/2026\/04\/cadillac-LYRIQ-1024x674.jpg 1024w, https:\/\/latamobility.com\/wp-content\/uploads\/2026\/04\/cadillac-LYRIQ-300x198.jpg 300w, https:\/\/latamobility.com\/wp-content\/uploads\/2026\/04\/cadillac-LYRIQ-768x506.jpg 768w, https:\/\/latamobility.com\/wp-content\/uploads\/2026\/04\/cadillac-LYRIQ-600x395.jpg 600w, https:\/\/latamobility.com\/wp-content\/uploads\/2026\/04\/cadillac-LYRIQ.jpg 1075w\" sizes=\"(max-width: 1024px) 100vw, 1024px\" \/><figcaption class=\"wp-element-caption\">Cadillac LYRIQ<\/figcaption><\/figure>\n\n\n\n<h2 class=\"wp-block-heading\" id=\"h-centros-de-experiencia\"><strong>Centros de experi\u00eancia<\/strong><\/h2>\n\n\n\n<p>A opera\u00e7\u00e3o comercial da <strong>Cadillac <\/strong>no <strong>Brasil <\/strong>come\u00e7ar\u00e1 com\u00a0<strong>tr\u00eas centros de experi\u00eancia<\/strong>\u00a0em cidades estrat\u00e9gicas:<strong> Bras\u00edlia, Curitiba e S\u00e3o Paulo<\/strong>. A escolha destas tr\u00eas capitais n\u00e3o \u00e9 por acaso: <strong>S\u00e3o Paulo<\/strong> \u00e9 o principal centro financeiro e comercial do pa\u00eds; <strong>Bras\u00edlia <\/strong>concentra alto poder aquisitivo ligado ao setor p\u00fablico e corporativo; e <strong>Curitiba <\/strong>\u00e9 um polo automotivo e de consumo de bens premium no Sul do Brasil.<\/p>\n\n\n\n<p><strong>Estes centros n\u00e3o ser\u00e3o concession\u00e1rias tradicionais<\/strong>. Eles s\u00e3o concebidos como espa\u00e7os de experi\u00eancia onde os clientes poder\u00e3o interagir com os ve\u00edculos, receber aconselhamento personalizado e&nbsp;<strong>ter acesso a servi\u00e7os de p\u00f3s-venda de alto n\u00edvel<\/strong>.<\/p>\n\n\n\n<p>As instala\u00e7\u00f5es j\u00e1 est\u00e3o em processo de montagem, e as equipes de vendas e manuten\u00e7\u00e3o est\u00e3o passando por rigorosos programas de treinamento para garantir que a experi\u00eancia da marca seja consistente com os padr\u00f5es globais da <strong>Cadillac<\/strong>.<\/p>\n\n\n\n<p>A <strong>GM <\/strong>confirmou que estes centros de experi\u00eancia ser\u00e3o\u00a0<strong>completamente independentes das redes de concession\u00e1rias Chevrolet<\/strong>, funcionando como espa\u00e7os exclusivos dedicados unicamente \u00e0 marca <strong>Cadillac<\/strong>.<\/p>\n\n\n\n<p>Essa decis\u00e3o refor\u00e7a a inten\u00e7\u00e3o da empresa de posicionar a <strong>Cadillac como\u00a0uma marca aut\u00f4noma dentro do portf\u00f3lio da GM<\/strong>, com personalidade pr\u00f3pria, canais de venda e estrat\u00e9gia de relacionamento com os clientes.<\/p>\n\n\n\n<p>Dessa forma, a <strong>GM <\/strong>busca construir uma opera\u00e7\u00e3o s\u00f3lida e sustent\u00e1vel, baseada na qualidade do servi\u00e7o e na satisfa\u00e7\u00e3o do cliente, antes de expandir sua presen\u00e7a geogr\u00e1fica, com\u00a0<strong>vendas previstas para come\u00e7ar ao longo de 2026<\/strong>.<\/p>\n\n\n\n<figure class=\"wp-block-image size-large\"><img decoding=\"async\" width=\"1024\" height=\"576\" src=\"https:\/\/latamobility.com\/wp-content\/uploads\/2026\/04\/cadillac-vistiq-1024x576.webp\" alt=\"Cadillac\" class=\"wp-image-62728\" srcset=\"https:\/\/latamobility.com\/wp-content\/uploads\/2026\/04\/cadillac-vistiq-1024x576.webp 1024w, https:\/\/latamobility.com\/wp-content\/uploads\/2026\/04\/cadillac-vistiq-300x169.webp 300w, https:\/\/latamobility.com\/wp-content\/uploads\/2026\/04\/cadillac-vistiq-768x432.webp 768w, https:\/\/latamobility.com\/wp-content\/uploads\/2026\/04\/cadillac-vistiq-1536x864.webp 1536w, https:\/\/latamobility.com\/wp-content\/uploads\/2026\/04\/cadillac-vistiq-600x338.webp 600w, https:\/\/latamobility.com\/wp-content\/uploads\/2026\/04\/cadillac-vistiq.webp 1920w\" sizes=\"(max-width: 1024px) 100vw, 1024px\" \/><figcaption class=\"wp-element-caption\">Cadillac VISTIQ<\/figcaption><\/figure>\n\n\n\n<h2 class=\"wp-block-heading\" id=\"h-chegada-estrategica\"><strong>Chegada estrat\u00e9gica<\/strong><\/h2>\n\n\n\n<p>O an\u00fancio da chegada da <strong>Cadillac <\/strong>ao <strong>Brasil\u00a0n\u00e3o \u00e9 um fato isolado<\/strong>. Ele ocorre num momento de m\u00e1xima visibilidade global para a marca, coincidindo com sua aguardada estreia na\u00a0<strong>F\u00f3rmula 1 \u2014 a categoria rainha do automobilismo mundial<\/strong>.<\/p>\n\n\n\n<p><strong>A equipe Cadillac F1<\/strong>, que competir\u00e1 como o 11\u00ba time no grid a partir da temporada de 2026, representa a materializa\u00e7\u00e3o de anos de trabalho e&nbsp;<strong>uma aposta decidida da General Motors<\/strong>&nbsp;pelo mais alto n\u00edvel da competi\u00e7\u00e3o.<\/p>\n\n\n\n<p>O monoposto, batizado de <strong>MAC-26<\/strong> (<strong>Mario Andretti Cadillac<\/strong>) em homenagem ao campe\u00e3o mundial de 1978, encarna o esp\u00edrito de inova\u00e7\u00e3o e excel\u00eancia que a marca quer transferir para seus ve\u00edculos de rua. Para a <strong>Cadillac<\/strong>,\u00a0<strong>o retorno \u00e0 competi\u00e7\u00e3o n\u00e3o \u00e9 um fim em si mesmo<\/strong>, mas sim uma plataforma estrat\u00e9gica para demonstrar sua lideran\u00e7a em tecnologia, design e performance \u2014 atributos que agora busca transmitir ao exigente consumidor brasileiro.<\/p>\n\n\n\n<p><strong>Essa dupla estrat\u00e9gia<\/strong>\u00a0\u2014 expans\u00e3o comercial de alto n\u00edvel e retorno \u00e0 elite do automobilismo \u2014 reflete a ambi\u00e7\u00e3o da <strong>GM <\/strong>de reposicionar a <strong>Cadillac <\/strong>como\u00a0<strong>uma refer\u00eancia global de luxo moderno, eletrificado e com forte conex\u00e3o emocional<\/strong>\u00a0com seus clientes.<\/p>\n\n\n\n<p>A coincid\u00eancia de datas entre o in\u00edcio das opera\u00e7\u00f5es no <strong>Brasil <\/strong>e a estreia na F1 n\u00e3o \u00e9 por acaso. Ela responde a um plano cuidadosamente elaborado para\u00a0<strong>maximizar o impacto da marca<\/strong>\u00a0num mercado cada vez mais competitivo.<\/p>\n\n\n\n<blockquote class=\"wp-block-quote is-layout-flow wp-block-quote-is-layout-flow\">\n<p><strong><mark style=\"background-color:rgba(0, 0, 0, 0)\" class=\"has-inline-color has-theme-palette-1-color\">&#8220;A introdu\u00e7\u00e3o da Cadillac no Brasil \u00e9 uma decis\u00e3o estrat\u00e9gica constru\u00edda com base na relev\u00e2ncia do mercado nacional e na sua import\u00e2ncia dentro da nossa vis\u00e3o regional de longo prazo.\u00a0O pa\u00eds re\u00fane maturidade no segmento e o ambiente adequado\u00a0para a expans\u00e3o de uma marca global de luxo&#8221;<\/mark><\/strong><\/p>\n\n\n\n<p><strong>Thomas Owsianski<\/strong>, presidente da <strong>General Motors Am\u00e9rica do Sul<\/strong><\/p>\n<\/blockquote>\n\n\n\n<h2 class=\"wp-block-heading\" id=\"h-a-conversa-continua\"><strong>A conversa continua<\/strong><\/h2>\n\n\n\n<p>A c\u00fapula em San Pedro Garza Garc\u00eda foi apenas o in\u00edcio de um percurso que levar\u00e1 este di\u00e1logo por toda a regi\u00e3o. Ser\u00e1 a oportunidade para continuar construindo, a partir do di\u00e1logo aberto e da colabora\u00e7\u00e3o multissetorial, o caminho para um futuro mais limpo, eficiente e sustent\u00e1vel para o transporte e a log\u00edstica em toda a regi\u00e3o.<\/p>\n\n\n\n<p>Atrav\u00e9s de suas paradas em <strong><a href=\"https:\/\/latamobility.com\/pt-br\/summit\/latam-mobility-mexico-2026\/\">Cidade do M\u00e9xico<\/a><\/strong>, <strong><a href=\"https:\/\/latamobility.com\/pt-br\/summit\/latam-mobility-netzero-brazil-2026\/\">Brasil<\/a><\/strong>, <strong><a href=\"https:\/\/latamobility.com\/pt-br\/summit\/latam-mobility-colombia-2026\/\">Col\u00f4mbia<\/a><\/strong> e <strong><a href=\"https:\/\/latamobility.com\/pt-br\/summit\/latam-mobility-conosur-2026\/\">Chile<\/a><\/strong>, a plataforma continuar\u00e1 promovendo uma abordagem colaborativa para <strong>acelerar a transi\u00e7\u00e3o para sistemas de transporte mais limpos, eficientes e inclusivos<\/strong>, posicionando a Am\u00e9rica Latina como um ator relevante na mobilidade sustent\u00e1vel em n\u00edvel global.<\/p>\n\n\n\n<p>Fa\u00e7a parte do movimento que acelera a transforma\u00e7\u00e3o energ\u00e9tica e urbana da Am\u00e9rica Latina. Se voc\u00ea quiser saber mais detalhes sobre como participar e op\u00e7\u00f5es de posicionamento, clique <strong><a href=\"https:\/\/wa.link\/ekvh7n\">aqui<\/a><\/strong>.<\/p>\n\n\n\n<figure class=\"wp-block-image size-large\"><img loading=\"lazy\" decoding=\"async\" width=\"1024\" height=\"576\" src=\"https:\/\/latamobility.com\/wp-content\/uploads\/2026\/04\/Gira-IIL.jpg-1024x576.jpeg\" alt=\"\" class=\"wp-image-62714\" srcset=\"https:\/\/latamobility.com\/wp-content\/uploads\/2026\/04\/Gira-IIL.jpg-1024x576.jpeg 1024w, https:\/\/latamobility.com\/wp-content\/uploads\/2026\/04\/Gira-IIL.jpg-300x169.jpeg 300w, https:\/\/latamobility.com\/wp-content\/uploads\/2026\/04\/Gira-IIL.jpg-768x432.jpeg 768w, https:\/\/latamobility.com\/wp-content\/uploads\/2026\/04\/Gira-IIL.jpg-1536x864.jpeg 1536w, https:\/\/latamobility.com\/wp-content\/uploads\/2026\/04\/Gira-IIL.jpg-2048x1153.jpeg 2048w, https:\/\/latamobility.com\/wp-content\/uploads\/2026\/04\/Gira-IIL.jpg-600x338.jpeg 600w\" sizes=\"(max-width: 1024px) 100vw, 1024px\" \/><\/figure>\n","protected":false},"excerpt":{"rendered":"<p>Em um marco que redefine sua presen\u00e7a na Am\u00e9rica Latina, a General Motors (GM) confirmou a chegada oficial da Cadillac ao Brasil, marcando a entrada da empresa no competitivo segmento de ve\u00edculos de luxo do pa\u00eds.\u00a0O an\u00fancio representa um novo cap\u00edtulo\u00a0na estrat\u00e9gia de expans\u00e3o global da marca americana. O Brasil se torna o primeiro mercado&#8230;<\/p>\n","protected":false},"author":10,"featured_media":62717,"comment_status":"open","ping_status":"closed","sticky":false,"template":"","format":"standard","meta":{"_kad_post_transparent":"","_kad_post_title":"","_kad_post_layout":"","_kad_post_sidebar_id":"","_kad_post_content_style":"","_kad_post_vertical_padding":"","_kad_post_feature":"","_kad_post_feature_position":"","_kad_post_header":false,"_kad_post_footer":false,"_kad_post_classname":"","footnotes":""},"categories":[2356],"tags":[2253,2347,3604,2568],"class_list":["post-62747","post","type-post","status-publish","format-standard","has-post-thumbnail","hentry","category-movilidad-electrica-pt-br","tag-brasil","tag-brasil-3","tag-cadillac","tag-general-motors-3"],"yoast_head":"<!-- This site is optimized with the Yoast SEO Premium plugin v22.7 (Yoast SEO v27.4) - https:\/\/yoast.com\/product\/yoast-seo-premium-wordpress\/ -->\n<title>Cadillac desembarca no Brasil e marca um novo cap\u00edtulo\u00a0para a General Motors na Am\u00e9rica do Sul - Latam Mobility<\/title>\n<meta name=\"description\" content=\"Cadillac desembarca no Brasil com SUVs 100% el\u00e9tricos. GM aposta em centros de experi\u00eancia em SP, Curitiba e Bras\u00edlia. Vendas come\u00e7am em 2026.\" \/>\n<meta name=\"robots\" content=\"index, follow, max-snippet:-1, max-image-preview:large, max-video-preview:-1\" \/>\n<link rel=\"canonical\" href=\"https:\/\/latamobility.com\/cadillac-llega-brasil-suv-electricos-gm-lujo\/\" \/>\n<meta property=\"og:locale\" content=\"pt_BR\" \/>\n<meta property=\"og:type\" content=\"article\" \/>\n<meta property=\"og:title\" content=\"Cadillac desembarca no Brasil e marca um novo cap\u00edtulo\u00a0para a General Motors na Am\u00e9rica do Sul\" \/>\n<meta property=\"og:description\" content=\"Cadillac desembarca no Brasil com SUVs 100% el\u00e9tricos. GM aposta em centros de experi\u00eancia em SP, Curitiba e Bras\u00edlia. Vendas come\u00e7am em 2026.\" \/>\n<meta property=\"og:url\" content=\"https:\/\/latamobility.com\/cadillac-llega-brasil-suv-electricos-gm-lujo\/\" \/>\n<meta property=\"og:site_name\" content=\"Latam Mobility\" \/>\n<meta property=\"article:publisher\" content=\"https:\/\/www.facebook.com\/latamobility\/\" \/>\n<meta property=\"article:published_time\" content=\"2026-04-10T10:00:00+00:00\" \/>\n<meta property=\"og:image\" content=\"https:\/\/latamobility.com\/wp-content\/uploads\/2026\/04\/Cadillac-060426-a.jpg\" \/>\n\t<meta property=\"og:image:width\" content=\"1280\" \/>\n\t<meta property=\"og:image:height\" content=\"852\" \/>\n\t<meta property=\"og:image:type\" content=\"image\/jpeg\" \/>\n<meta name=\"author\" content=\"Antonio Vilela\" \/>\n<meta name=\"twitter:card\" content=\"summary_large_image\" \/>\n<meta name=\"twitter:description\" content=\"Cadillac desembarca no Brasil com SUVs 100% el\u00e9tricos. GM aposta em centros de experi\u00eancia em SP, Curitiba e Bras\u00edlia. Vendas come\u00e7am em 2026.\" \/>\n<meta name=\"twitter:creator\" content=\"@LataMobility\" \/>\n<meta name=\"twitter:site\" content=\"@LataMobility\" \/>\n<meta name=\"twitter:label1\" content=\"Escrito por\" \/>\n\t<meta name=\"twitter:data1\" content=\"Antonio Vilela\" \/>\n\t<meta name=\"twitter:label2\" content=\"Est. tempo de leitura\" \/>\n\t<meta name=\"twitter:data2\" content=\"7 minutos\" \/>\n<script type=\"application\/ld+json\" class=\"yoast-schema-graph\">{\"@context\":\"https:\\\/\\\/schema.org\",\"@graph\":[{\"@type\":\"NewsArticle\",\"@id\":\"https:\\\/\\\/latamobility.com\\\/cadillac-llega-brasil-suv-electricos-gm-lujo\\\/#article\",\"isPartOf\":{\"@id\":\"https:\\\/\\\/latamobility.com\\\/cadillac-llega-brasil-suv-electricos-gm-lujo\\\/\"},\"author\":{\"name\":\"Antonio Vilela\",\"@id\":\"https:\\\/\\\/latamobility.com\\\/#\\\/schema\\\/person\\\/fda092a2de1f87d347784282908bad1a\"},\"headline\":\"Cadillac desembarca no Brasil e marca um novo cap\u00edtulo\u00a0para a General Motors na Am\u00e9rica do Sul\",\"datePublished\":\"2026-04-10T10:00:00+00:00\",\"mainEntityOfPage\":{\"@id\":\"https:\\\/\\\/latamobility.com\\\/cadillac-llega-brasil-suv-electricos-gm-lujo\\\/\"},\"wordCount\":1451,\"commentCount\":0,\"publisher\":{\"@id\":\"https:\\\/\\\/latamobility.com\\\/#organization\"},\"image\":{\"@id\":\"https:\\\/\\\/latamobility.com\\\/cadillac-llega-brasil-suv-electricos-gm-lujo\\\/#primaryimage\"},\"thumbnailUrl\":\"https:\\\/\\\/latamobility.com\\\/wp-content\\\/uploads\\\/2026\\\/04\\\/Cadillac-060426-a.jpg\",\"keywords\":[\"Brasil\",\"Brasil\",\"Cadillac\",\"General Motors\"],\"articleSection\":[\"Movilidad el\u00e9ctrica\"],\"inLanguage\":\"pt-BR\",\"potentialAction\":[{\"@type\":\"CommentAction\",\"name\":\"Comment\",\"target\":[\"https:\\\/\\\/latamobility.com\\\/cadillac-llega-brasil-suv-electricos-gm-lujo\\\/#respond\"]}]},{\"@type\":\"WebPage\",\"@id\":\"https:\\\/\\\/latamobility.com\\\/cadillac-llega-brasil-suv-electricos-gm-lujo\\\/\",\"url\":\"https:\\\/\\\/latamobility.com\\\/cadillac-llega-brasil-suv-electricos-gm-lujo\\\/\",\"name\":\"Cadillac desembarca no Brasil e marca um novo cap\u00edtulo\u00a0para a General Motors na Am\u00e9rica do Sul - Latam Mobility\",\"isPartOf\":{\"@id\":\"https:\\\/\\\/latamobility.com\\\/#website\"},\"primaryImageOfPage\":{\"@id\":\"https:\\\/\\\/latamobility.com\\\/cadillac-llega-brasil-suv-electricos-gm-lujo\\\/#primaryimage\"},\"image\":{\"@id\":\"https:\\\/\\\/latamobility.com\\\/cadillac-llega-brasil-suv-electricos-gm-lujo\\\/#primaryimage\"},\"thumbnailUrl\":\"https:\\\/\\\/latamobility.com\\\/wp-content\\\/uploads\\\/2026\\\/04\\\/Cadillac-060426-a.jpg\",\"datePublished\":\"2026-04-10T10:00:00+00:00\",\"description\":\"Cadillac desembarca no Brasil com SUVs 100% el\u00e9tricos. GM aposta em centros de experi\u00eancia em SP, Curitiba e Bras\u00edlia. Vendas come\u00e7am em 2026.\",\"breadcrumb\":{\"@id\":\"https:\\\/\\\/latamobility.com\\\/cadillac-llega-brasil-suv-electricos-gm-lujo\\\/#breadcrumb\"},\"inLanguage\":\"pt-BR\",\"potentialAction\":[{\"@type\":\"ReadAction\",\"target\":[\"https:\\\/\\\/latamobility.com\\\/cadillac-llega-brasil-suv-electricos-gm-lujo\\\/\"]}]},{\"@type\":\"ImageObject\",\"inLanguage\":\"pt-BR\",\"@id\":\"https:\\\/\\\/latamobility.com\\\/cadillac-llega-brasil-suv-electricos-gm-lujo\\\/#primaryimage\",\"url\":\"https:\\\/\\\/latamobility.com\\\/wp-content\\\/uploads\\\/2026\\\/04\\\/Cadillac-060426-a.jpg\",\"contentUrl\":\"https:\\\/\\\/latamobility.com\\\/wp-content\\\/uploads\\\/2026\\\/04\\\/Cadillac-060426-a.jpg\",\"width\":1280,\"height\":852,\"caption\":\"Cadillac\"},{\"@type\":\"BreadcrumbList\",\"@id\":\"https:\\\/\\\/latamobility.com\\\/cadillac-llega-brasil-suv-electricos-gm-lujo\\\/#breadcrumb\",\"itemListElement\":[{\"@type\":\"ListItem\",\"position\":1,\"name\":\"Portada\",\"item\":\"https:\\\/\\\/latamobility.com\\\/pt-br\\\/\"},{\"@type\":\"ListItem\",\"position\":2,\"name\":\"Cadillac desembarca no Brasil e marca um novo cap\u00edtulo\u00a0para a General Motors na Am\u00e9rica do Sul\"}]},{\"@type\":\"WebSite\",\"@id\":\"https:\\\/\\\/latamobility.com\\\/#website\",\"url\":\"https:\\\/\\\/latamobility.com\\\/\",\"name\":\"Latam Mobility\",\"description\":\"Serie de Eventos para promover la Movilidad y Transporte sostenible en Latinoam\u00e9rica\",\"publisher\":{\"@id\":\"https:\\\/\\\/latamobility.com\\\/#organization\"},\"potentialAction\":[{\"@type\":\"SearchAction\",\"target\":{\"@type\":\"EntryPoint\",\"urlTemplate\":\"https:\\\/\\\/latamobility.com\\\/?s={search_term_string}\"},\"query-input\":{\"@type\":\"PropertyValueSpecification\",\"valueRequired\":true,\"valueName\":\"search_term_string\"}}],\"inLanguage\":\"pt-BR\"},{\"@type\":\"Organization\",\"@id\":\"https:\\\/\\\/latamobility.com\\\/#organization\",\"name\":\"LATAM MOBILITY\",\"url\":\"https:\\\/\\\/latamobility.com\\\/\",\"logo\":{\"@type\":\"ImageObject\",\"inLanguage\":\"pt-BR\",\"@id\":\"https:\\\/\\\/latamobility.com\\\/#\\\/schema\\\/logo\\\/image\\\/\",\"url\":\"https:\\\/\\\/latamobility.com\\\/wp-content\\\/uploads\\\/2025\\\/01\\\/logos-LM-LG-2025-10.png\",\"contentUrl\":\"https:\\\/\\\/latamobility.com\\\/wp-content\\\/uploads\\\/2025\\\/01\\\/logos-LM-LG-2025-10.png\",\"width\":1080,\"height\":1080,\"caption\":\"LATAM MOBILITY\"},\"image\":{\"@id\":\"https:\\\/\\\/latamobility.com\\\/#\\\/schema\\\/logo\\\/image\\\/\"},\"sameAs\":[\"https:\\\/\\\/www.facebook.com\\\/latamobility\\\/\",\"https:\\\/\\\/x.com\\\/LataMobility\",\"https:\\\/\\\/www.instagram.com\\\/latamobility\\\/\",\"https:\\\/\\\/www.linkedin.com\\\/company\\\/latamobility\\\/\",\"https:\\\/\\\/www.youtube.com\\\/channel\\\/UCtcslRCRY0vITWaOQ1X0XUA\"]},{\"@type\":\"Person\",\"@id\":\"https:\\\/\\\/latamobility.com\\\/#\\\/schema\\\/person\\\/fda092a2de1f87d347784282908bad1a\",\"name\":\"Antonio Vilela\",\"image\":{\"@type\":\"ImageObject\",\"inLanguage\":\"pt-BR\",\"@id\":\"https:\\\/\\\/secure.gravatar.com\\\/avatar\\\/7eee8196fd2fda180806d7b41cd517f274d5ad3b9f65d873feb3ca7e2b3a72d2?s=96&d=mm&r=g\",\"url\":\"https:\\\/\\\/secure.gravatar.com\\\/avatar\\\/7eee8196fd2fda180806d7b41cd517f274d5ad3b9f65d873feb3ca7e2b3a72d2?s=96&d=mm&r=g\",\"contentUrl\":\"https:\\\/\\\/secure.gravatar.com\\\/avatar\\\/7eee8196fd2fda180806d7b41cd517f274d5ad3b9f65d873feb3ca7e2b3a72d2?s=96&d=mm&r=g\",\"caption\":\"Antonio Vilela\"}}]}<\/script>\n<!-- \/ Yoast SEO Premium plugin. -->","yoast_head_json":{"title":"Cadillac desembarca no Brasil e marca um novo cap\u00edtulo\u00a0para a General Motors na Am\u00e9rica do Sul - Latam Mobility","description":"Cadillac desembarca no Brasil com SUVs 100% el\u00e9tricos. GM aposta em centros de experi\u00eancia em SP, Curitiba e Bras\u00edlia. Vendas come\u00e7am em 2026.","robots":{"index":"index","follow":"follow","max-snippet":"max-snippet:-1","max-image-preview":"max-image-preview:large","max-video-preview":"max-video-preview:-1"},"canonical":"https:\/\/latamobility.com\/cadillac-llega-brasil-suv-electricos-gm-lujo\/","og_locale":"pt_BR","og_type":"article","og_title":"Cadillac desembarca no Brasil e marca um novo cap\u00edtulo\u00a0para a General Motors na Am\u00e9rica do Sul","og_description":"Cadillac desembarca no Brasil com SUVs 100% el\u00e9tricos. GM aposta em centros de experi\u00eancia em SP, Curitiba e Bras\u00edlia. Vendas come\u00e7am em 2026.","og_url":"https:\/\/latamobility.com\/cadillac-llega-brasil-suv-electricos-gm-lujo\/","og_site_name":"Latam Mobility","article_publisher":"https:\/\/www.facebook.com\/latamobility\/","article_published_time":"2026-04-10T10:00:00+00:00","og_image":[{"width":1280,"height":852,"url":"https:\/\/latamobility.com\/wp-content\/uploads\/2026\/04\/Cadillac-060426-a.jpg","type":"image\/jpeg"}],"author":"Antonio Vilela","twitter_card":"summary_large_image","twitter_description":"Cadillac desembarca no Brasil com SUVs 100% el\u00e9tricos. GM aposta em centros de experi\u00eancia em SP, Curitiba e Bras\u00edlia. Vendas come\u00e7am em 2026.","twitter_creator":"@LataMobility","twitter_site":"@LataMobility","twitter_misc":{"Escrito por":"Antonio Vilela","Est. tempo de leitura":"7 minutos"},"schema":{"@context":"https:\/\/schema.org","@graph":[{"@type":"NewsArticle","@id":"https:\/\/latamobility.com\/cadillac-llega-brasil-suv-electricos-gm-lujo\/#article","isPartOf":{"@id":"https:\/\/latamobility.com\/cadillac-llega-brasil-suv-electricos-gm-lujo\/"},"author":{"name":"Antonio Vilela","@id":"https:\/\/latamobility.com\/#\/schema\/person\/fda092a2de1f87d347784282908bad1a"},"headline":"Cadillac desembarca no Brasil e marca um novo cap\u00edtulo\u00a0para a General Motors na Am\u00e9rica do Sul","datePublished":"2026-04-10T10:00:00+00:00","mainEntityOfPage":{"@id":"https:\/\/latamobility.com\/cadillac-llega-brasil-suv-electricos-gm-lujo\/"},"wordCount":1451,"commentCount":0,"publisher":{"@id":"https:\/\/latamobility.com\/#organization"},"image":{"@id":"https:\/\/latamobility.com\/cadillac-llega-brasil-suv-electricos-gm-lujo\/#primaryimage"},"thumbnailUrl":"https:\/\/latamobility.com\/wp-content\/uploads\/2026\/04\/Cadillac-060426-a.jpg","keywords":["Brasil","Brasil","Cadillac","General Motors"],"articleSection":["Movilidad el\u00e9ctrica"],"inLanguage":"pt-BR","potentialAction":[{"@type":"CommentAction","name":"Comment","target":["https:\/\/latamobility.com\/cadillac-llega-brasil-suv-electricos-gm-lujo\/#respond"]}]},{"@type":"WebPage","@id":"https:\/\/latamobility.com\/cadillac-llega-brasil-suv-electricos-gm-lujo\/","url":"https:\/\/latamobility.com\/cadillac-llega-brasil-suv-electricos-gm-lujo\/","name":"Cadillac desembarca no Brasil e marca um novo cap\u00edtulo\u00a0para a General Motors na Am\u00e9rica do Sul - Latam Mobility","isPartOf":{"@id":"https:\/\/latamobility.com\/#website"},"primaryImageOfPage":{"@id":"https:\/\/latamobility.com\/cadillac-llega-brasil-suv-electricos-gm-lujo\/#primaryimage"},"image":{"@id":"https:\/\/latamobility.com\/cadillac-llega-brasil-suv-electricos-gm-lujo\/#primaryimage"},"thumbnailUrl":"https:\/\/latamobility.com\/wp-content\/uploads\/2026\/04\/Cadillac-060426-a.jpg","datePublished":"2026-04-10T10:00:00+00:00","description":"Cadillac desembarca no Brasil com SUVs 100% el\u00e9tricos. GM aposta em centros de experi\u00eancia em SP, Curitiba e Bras\u00edlia. Vendas come\u00e7am em 2026.","breadcrumb":{"@id":"https:\/\/latamobility.com\/cadillac-llega-brasil-suv-electricos-gm-lujo\/#breadcrumb"},"inLanguage":"pt-BR","potentialAction":[{"@type":"ReadAction","target":["https:\/\/latamobility.com\/cadillac-llega-brasil-suv-electricos-gm-lujo\/"]}]},{"@type":"ImageObject","inLanguage":"pt-BR","@id":"https:\/\/latamobility.com\/cadillac-llega-brasil-suv-electricos-gm-lujo\/#primaryimage","url":"https:\/\/latamobility.com\/wp-content\/uploads\/2026\/04\/Cadillac-060426-a.jpg","contentUrl":"https:\/\/latamobility.com\/wp-content\/uploads\/2026\/04\/Cadillac-060426-a.jpg","width":1280,"height":852,"caption":"Cadillac"},{"@type":"BreadcrumbList","@id":"https:\/\/latamobility.com\/cadillac-llega-brasil-suv-electricos-gm-lujo\/#breadcrumb","itemListElement":[{"@type":"ListItem","position":1,"name":"Portada","item":"https:\/\/latamobility.com\/pt-br\/"},{"@type":"ListItem","position":2,"name":"Cadillac desembarca no Brasil e marca um novo cap\u00edtulo\u00a0para a General Motors na Am\u00e9rica do Sul"}]},{"@type":"WebSite","@id":"https:\/\/latamobility.com\/#website","url":"https:\/\/latamobility.com\/","name":"Latam Mobility","description":"Serie de Eventos para promover la Movilidad y Transporte sostenible en Latinoam\u00e9rica","publisher":{"@id":"https:\/\/latamobility.com\/#organization"},"potentialAction":[{"@type":"SearchAction","target":{"@type":"EntryPoint","urlTemplate":"https:\/\/latamobility.com\/?s={search_term_string}"},"query-input":{"@type":"PropertyValueSpecification","valueRequired":true,"valueName":"search_term_string"}}],"inLanguage":"pt-BR"},{"@type":"Organization","@id":"https:\/\/latamobility.com\/#organization","name":"LATAM MOBILITY","url":"https:\/\/latamobility.com\/","logo":{"@type":"ImageObject","inLanguage":"pt-BR","@id":"https:\/\/latamobility.com\/#\/schema\/logo\/image\/","url":"https:\/\/latamobility.com\/wp-content\/uploads\/2025\/01\/logos-LM-LG-2025-10.png","contentUrl":"https:\/\/latamobility.com\/wp-content\/uploads\/2025\/01\/logos-LM-LG-2025-10.png","width":1080,"height":1080,"caption":"LATAM MOBILITY"},"image":{"@id":"https:\/\/latamobility.com\/#\/schema\/logo\/image\/"},"sameAs":["https:\/\/www.facebook.com\/latamobility\/","https:\/\/x.com\/LataMobility","https:\/\/www.instagram.com\/latamobility\/","https:\/\/www.linkedin.com\/company\/latamobility\/","https:\/\/www.youtube.com\/channel\/UCtcslRCRY0vITWaOQ1X0XUA"]},{"@type":"Person","@id":"https:\/\/latamobility.com\/#\/schema\/person\/fda092a2de1f87d347784282908bad1a","name":"Antonio Vilela","image":{"@type":"ImageObject","inLanguage":"pt-BR","@id":"https:\/\/secure.gravatar.com\/avatar\/7eee8196fd2fda180806d7b41cd517f274d5ad3b9f65d873feb3ca7e2b3a72d2?s=96&d=mm&r=g","url":"https:\/\/secure.gravatar.com\/avatar\/7eee8196fd2fda180806d7b41cd517f274d5ad3b9f65d873feb3ca7e2b3a72d2?s=96&d=mm&r=g","contentUrl":"https:\/\/secure.gravatar.com\/avatar\/7eee8196fd2fda180806d7b41cd517f274d5ad3b9f65d873feb3ca7e2b3a72d2?s=96&d=mm&r=g","caption":"Antonio Vilela"}}]}},"_links":{"self":[{"href":"https:\/\/latamobility.com\/pt-br\/wp-json\/wp\/v2\/posts\/62747","targetHints":{"allow":["GET"]}}],"collection":[{"href":"https:\/\/latamobility.com\/pt-br\/wp-json\/wp\/v2\/posts"}],"about":[{"href":"https:\/\/latamobility.com\/pt-br\/wp-json\/wp\/v2\/types\/post"}],"author":[{"embeddable":true,"href":"https:\/\/latamobility.com\/pt-br\/wp-json\/wp\/v2\/users\/10"}],"replies":[{"embeddable":true,"href":"https:\/\/latamobility.com\/pt-br\/wp-json\/wp\/v2\/comments?post=62747"}],"version-history":[{"count":1,"href":"https:\/\/latamobility.com\/pt-br\/wp-json\/wp\/v2\/posts\/62747\/revisions"}],"predecessor-version":[{"id":62752,"href":"https:\/\/latamobility.com\/pt-br\/wp-json\/wp\/v2\/posts\/62747\/revisions\/62752"}],"wp:featuredmedia":[{"embeddable":true,"href":"https:\/\/latamobility.com\/pt-br\/wp-json\/wp\/v2\/media\/62717"}],"wp:attachment":[{"href":"https:\/\/latamobility.com\/pt-br\/wp-json\/wp\/v2\/media?parent=62747"}],"wp:term":[{"taxonomy":"category","embeddable":true,"href":"https:\/\/latamobility.com\/pt-br\/wp-json\/wp\/v2\/categories?post=62747"},{"taxonomy":"post_tag","embeddable":true,"href":"https:\/\/latamobility.com\/pt-br\/wp-json\/wp\/v2\/tags?post=62747"}],"curies":[{"name":"wp","href":"https:\/\/api.w.org\/{rel}","templated":true}]}}