{"id":64405,"date":"2026-04-27T05:00:00","date_gmt":"2026-04-27T10:00:00","guid":{"rendered":"https:\/\/latamobility.com\/?p=64405"},"modified":"2026-04-22T18:06:40","modified_gmt":"2026-04-22T23:06:40","slug":"brasil-salvador-e-belem-lideram-projetos-de-mobilidade-ativa-com-solucoes-baseadas-na-natureza","status":"publish","type":"post","link":"https:\/\/latamobility.com\/pt-br\/brasil-salvador-e-belem-lideram-projetos-de-mobilidade-ativa-com-solucoes-baseadas-na-natureza\/","title":{"rendered":"Brasil: Salvador e Bel\u00e9m lideram projetos de mobilidade ativa com solu\u00e7\u00f5es baseadas na natureza"},"content":{"rendered":"\n<p>Durante o&nbsp;<strong>&#8220;Latam Mobility &amp; Net Zero Brasil 2026&#8221;<\/strong>, que rolou em S\u00e3o Paulo, o painel&nbsp;<strong>&#8220;Mobilidade, clima e cidade: Integrando solu\u00e7\u00f5es para o desenvolvimento urbano sustent\u00e1vel&#8221;<\/strong>&nbsp;reuniu representantes de&nbsp;<strong>Salvador<\/strong>,&nbsp;<strong>Bel\u00e9m<\/strong>&nbsp;e do&nbsp;<strong>Governo Federal do Brasil<\/strong>.<\/p>\n\n\n\n<p>A conversa, mediada por&nbsp;<strong>Ariadne Samios<\/strong>, do&nbsp;<strong>WRI Brasil<\/strong>, mostrou a&nbsp;<strong>urg\u00eancia de articular pol\u00edticas intersetoriais<\/strong>&nbsp;que juntem&nbsp;<strong>mobilidade ativa<\/strong>,&nbsp;<strong>infraestrutura verde<\/strong>&nbsp;e&nbsp;<strong>adapta\u00e7\u00e3o clim\u00e1tica<\/strong>&nbsp;para construir&nbsp;<strong>cidades mais resilientes, justas e habit\u00e1veis<\/strong>.<\/p>\n\n\n\n<p>O debate rolou dentro do programa&nbsp;<strong>Mutir\u00e3o Brasil<\/strong>, uma iniciativa liderada pela&nbsp;<strong>C40<\/strong>&nbsp;junto com a&nbsp;<strong>Gecon<\/strong>&nbsp;e apoiada pela&nbsp;<strong>Bloomberg Philanthropies<\/strong>. A ideia \u00e9 dar&nbsp;<strong>protagonismo aos munic\u00edpios brasileiros<\/strong>&nbsp;na implementa\u00e7\u00e3o de projetos contra as mudan\u00e7as clim\u00e1ticas.<\/p>\n\n\n\n<p>Os participantes concordaram que&nbsp;<strong>mobilidade ativa e solu\u00e7\u00f5es baseadas na natureza (SBN)<\/strong>&nbsp;n\u00e3o podem seguir caminhos separados \u2013&nbsp;<strong>precisam ser integradas desde o projeto at\u00e9 a execu\u00e7\u00e3o<\/strong>.<\/p>\n\n\n\n<p><strong>Voc\u00ea tamb\u00e9m pode se interessar<\/strong>\u00a0|\u00a0<strong><a href=\"https:\/\/latamobility.com\/pt-br\/power-pooling-armazenamento-dc-e-carregadores-de-720-kw-o-portfolio-da-huawei-para-frotas-de-onibus-eletricos\/\">Power pooling, armazenamento DC e carregadores de 720 kW: o portf\u00f3lio da Huawei para frotas de \u00f4nibus el\u00e9tricos<\/a><\/strong><\/p>\n\n\n\n<h2 class=\"wp-block-heading\" id=\"h-salvador-aposta-em-ciclovias-e-sbn\"><strong>Salvador aposta em ciclovias e SBN<\/strong><\/h2>\n\n\n\n<p><strong>Manuela Accioly<\/strong>, arquiteta e urbanista que coordena o desenvolvimento da agenda de mobilidade ativa na&nbsp;<strong>Secretaria de Mobilidade de Salvador (Semob)<\/strong>&nbsp;, contou os avan\u00e7os da cidade.<\/p>\n\n\n\n<p>Ela explicou que&nbsp;<strong>Salvador<\/strong>&nbsp;j\u00e1 tem um&nbsp;<strong>plano ciclovi\u00e1rio robusto<\/strong>, entregue em 2024, com diagn\u00f3stico, metas e premissas claras. Mas o&nbsp;<strong>principal desafio<\/strong>&nbsp;tem sido a&nbsp;<strong>governan\u00e7a e a integra\u00e7\u00e3o intersetorial<\/strong>&nbsp;dentro da pr\u00f3pria prefeitura.<\/p>\n\n\n\n<p>&#8220;Publicamos um decreto criando um comit\u00ea intersetorial com participa\u00e7\u00e3o de secretarias estrat\u00e9gicas, como a de Sustentabilidade. Nossa miss\u00e3o \u00e9 avan\u00e7ar de forma coordenada na implementa\u00e7\u00e3o do plano&#8221;, disse\u00a0<strong>Accioly<\/strong>. Gra\u00e7as ao apoio do programa\u00a0<strong>Mutir\u00e3o<\/strong>,\u00a0<strong>Salvador<\/strong>\u00a0est\u00e1 desenvolvendo um\u00a0<strong>projeto modelo<\/strong>\u00a0em uma conex\u00e3o complicada: a\u00a0<strong>Avenida Mario Leal Ferreira<\/strong>, que liga uma esta\u00e7\u00e3o de transporte a uma regi\u00e3o estrat\u00e9gica como\u00a0<strong>Iguape<\/strong>.<\/p>\n\n\n\n<p>Durante um ano, a equipe vai trabalhar num projeto que incorpora&nbsp;<strong>solu\u00e7\u00f5es baseadas na natureza<\/strong>,&nbsp;<strong>infraestrutura verde<\/strong>,&nbsp;<strong>drenagem<\/strong>,&nbsp;<strong>filtra\u00e7\u00e3o<\/strong>&nbsp;e&nbsp;<strong>arboriza\u00e7\u00e3o<\/strong>&nbsp;junto com a malha ciclovi\u00e1ria. A expectativa \u00e9 que essa experi\u00eancia piloto&nbsp;<strong>possa ser replicada em toda a rede existente<\/strong>.<\/p>\n\n\n\n<p><em>&#8220;<\/em>Queremos mostrar para a popula\u00e7\u00e3o e para a pr\u00f3pria gest\u00e3o n\u00e3o s\u00f3 que \u00e9 poss\u00edvel, mas o quanto \u00e9 necess\u00e1rio coordenar os planejamentos&#8221;, afirmou.<\/p>\n\n\n\n<figure class=\"wp-block-image size-large\"><img fetchpriority=\"high\" decoding=\"async\" width=\"1024\" height=\"683\" src=\"https:\/\/latamobility.com\/wp-content\/uploads\/2026\/04\/Panel-5-d-1024x683.jpg\" alt=\"Brasil\" class=\"wp-image-64398\" srcset=\"https:\/\/latamobility.com\/wp-content\/uploads\/2026\/04\/Panel-5-d-1024x683.jpg 1024w, https:\/\/latamobility.com\/wp-content\/uploads\/2026\/04\/Panel-5-d-300x200.jpg 300w, https:\/\/latamobility.com\/wp-content\/uploads\/2026\/04\/Panel-5-d-768x512.jpg 768w, https:\/\/latamobility.com\/wp-content\/uploads\/2026\/04\/Panel-5-d-1536x1024.jpg 1536w, https:\/\/latamobility.com\/wp-content\/uploads\/2026\/04\/Panel-5-d-600x400.jpg 600w, https:\/\/latamobility.com\/wp-content\/uploads\/2026\/04\/Panel-5-d.jpg 2048w\" sizes=\"(max-width: 1024px) 100vw, 1024px\" \/><figcaption class=\"wp-element-caption\">Manuela Accioly<\/figcaption><\/figure>\n\n\n\n<h2 class=\"wp-block-heading\" id=\"h-belem-transforma-seu-centro-historico\"><strong>Bel\u00e9m transforma seu centro hist\u00f3rico<\/strong><\/h2>\n\n\n\n<p><strong>Marcus Athayde<\/strong>, arquiteto urbanista e diretor de Desenvolvimento Urbano de&nbsp;<strong>Bel\u00e9m<\/strong>, apresentou o plano&nbsp;<strong>Belo Centro<\/strong>&nbsp;\u2013 uma&nbsp;<strong>requalifica\u00e7\u00e3o ambiciosa do centro hist\u00f3rico<\/strong>&nbsp;da cidade amaz\u00f4nica.&nbsp;<strong>Athayde<\/strong>&nbsp;descreveu um cen\u00e1rio ca\u00f3tico: ruas estreitas, ocupa\u00e7\u00e3o informal, cal\u00e7adas invadidas por carros e&nbsp;<strong>alagamentos constantes<\/strong>&nbsp;por causa do n\u00edvel da mar\u00e9, tudo piorado pelas mudan\u00e7as clim\u00e1ticas.<\/p>\n\n\n\n<p><em>&#8220;<\/em>O centro hist\u00f3rico de Bel\u00e9m fica numa plan\u00edcie alag\u00e1vel. Nosso desafio \u00e9 transformar esse espa\u00e7o, onde os pedestres literalmente dividem a via com os carros&#8221;, explicou. A estrat\u00e9gia inclui\u00a0<strong>cria\u00e7\u00e3o de grandes cal\u00e7ad\u00f5es<\/strong>,\u00a0<strong>urbanismo t\u00e1tico<\/strong>\u00a0e\u00a0<strong>organiza\u00e7\u00e3o dos trabalhadores informais<\/strong>.<\/p>\n\n\n\n<p>Al\u00e9m disso,&nbsp;<strong>Athayde<\/strong>&nbsp;destacou que a&nbsp;<strong>COP30<\/strong>&nbsp;deixou um&nbsp;<strong>legado tang\u00edvel<\/strong>: a&nbsp;<strong>renova\u00e7\u00e3o de 30% a 40% da frota de transporte p\u00fablico<\/strong>, incluindo&nbsp;<strong>\u00f4nibus el\u00e9tricos<\/strong>.<\/p>\n\n\n\n<p><em>&#8220;<\/em>A mobilidade ativa \u00e9 um pilar fundamental para resgatar e reabilitar o centro hist\u00f3rico&#8221;, afirmou. Ele tamb\u00e9m mencionou que o centro hist\u00f3rico \u00e9 o bairro com\u00a0<strong>menos \u00e1rvores<\/strong>\u00a0\u2013 por isso est\u00e3o trabalhando com a Secretaria de Meio Ambiente num\u00a0<strong>plano de arboriza\u00e7\u00e3o<\/strong>\u00a0para garantir\u00a0<strong>conforto t\u00e9rmico<\/strong>\u00a0para quem anda a p\u00e9.<\/p>\n\n\n\n<p><strong>Athayde<\/strong>\u00a0reconheceu que\u00a0<strong>mudar o paradigma<\/strong>\u00a0de uma cidade onde\u00a0&#8220;todo mundo anda de carro&#8221;\u00a0\u00e9 um trabalho cont\u00ednuo \u2013 at\u00e9 dentro da pr\u00f3pria prefeitura. Mas ele confia que, com o apoio do\u00a0<strong>WRI Brasil<\/strong>\u00a0e da\u00a0<strong>C40<\/strong>, v\u00e3o conseguir fazer\u00a0<strong>testes de fechamento de vias<\/strong>\u00a0nos pr\u00f3ximos feriados.<\/p>\n\n\n\n<h2 class=\"wp-block-heading\" id=\"h-governo-federal-mobiliza-financiamento-recorde\"><strong>Governo Federal mobiliza financiamento recorde<\/strong><\/h2>\n\n\n\n<p><strong>Mauricio Guerra<\/strong>&nbsp;apresentou a vis\u00e3o do&nbsp;<strong>Minist\u00e9rio do Meio Ambiente e Mudan\u00e7a do Clima<\/strong>&nbsp;do Brasil, enfatizando que a&nbsp;<strong>agenda clim\u00e1tica \u00e9 prioridade nacional<\/strong>. Ele lembrou que o&nbsp;<strong>Brasil<\/strong>&nbsp;se comprometeu a alcan\u00e7ar&nbsp;<strong>emiss\u00f5es l\u00edquidas zero em 2050<\/strong>, com metas ambiciosas de redu\u00e7\u00e3o do desmatamento (53% menos emiss\u00f5es em compara\u00e7\u00e3o com 2022, e 99% de redu\u00e7\u00e3o em terras ind\u00edgenas).<\/p>\n\n\n\n<p>Ele tamb\u00e9m destacou a cria\u00e7\u00e3o de&nbsp;<strong>17 planos de adapta\u00e7\u00e3o setoriais<\/strong>&nbsp;e&nbsp;<strong>7 de mitiga\u00e7\u00e3o<\/strong>, incluindo um espec\u00edfico para&nbsp;<strong>cidades<\/strong>.<\/p>\n\n\n\n<p><strong>Guerra<\/strong>\u00a0sublinhou que a nova\u00a0<strong>Contribui\u00e7\u00e3o Nacionalmente Determinada (NDC)<\/strong>\u00a0brasileira incorpora o\u00a0<strong>compromisso CHEMP<\/strong>, que exige que o planejamento, as a\u00e7\u00f5es e o financiamento clim\u00e1tico sejam\u00a0<strong>compartilhados com estados, munic\u00edpios e a sociedade civil<\/strong>.\u00a0&#8220;N\u00e3o faz sentido preparar a agenda clim\u00e1tica sem os munic\u00edpios&#8221;, sentenciou.<\/p>\n\n\n\n<p>Dentro do programa&nbsp;<strong>Cidades Verdes e Resilientes<\/strong>, o minist\u00e9rio promove&nbsp;<strong>tr\u00eas grandes eixos integrados<\/strong>:&nbsp;<strong>mobilidade urbana sustent\u00e1vel<\/strong>,&nbsp;<strong>solu\u00e7\u00f5es baseadas na natureza<\/strong>&nbsp;e&nbsp;<strong>\u00e1reas verdes e arboriza\u00e7\u00e3o urbana<\/strong>. A meta \u00e9 alcan\u00e7ar&nbsp;<strong>180 mil hectares adicionais de cobertura verde<\/strong>&nbsp;nas cidades brasileiras at\u00e9 2035 \u2013 o equivalente a&nbsp;<strong>pelo menos 30% de cobertura verde<\/strong>.<\/p>\n\n\n\n<p>Em termos de financiamento,&nbsp;<strong>Guerra<\/strong>&nbsp;anunciou que o&nbsp;<strong>Fundo Clima<\/strong>&nbsp;passou de&nbsp;<strong>300 milh\u00f5es de reais em 2022 para 27 bilh\u00f5es de reais em 2026<\/strong>. Esses recursos est\u00e3o dispon\u00edveis para energia sustent\u00e1vel, mobilidade ativa, mobilidade el\u00e9trica, arboriza\u00e7\u00e3o e solu\u00e7\u00f5es baseadas na natureza. Al\u00e9m disso,&nbsp;<strong>quase 20 milh\u00f5es de reais n\u00e3o reembols\u00e1veis<\/strong>&nbsp;ser\u00e3o destinados neste ano para o programa&nbsp;<strong>Arboriza Cidade<\/strong>.<\/p>\n\n\n\n<p>O minist\u00e9rio tamb\u00e9m lan\u00e7ou a iniciativa&nbsp;<strong>Adapta Cidade<\/strong>, que prev\u00ea a elabora\u00e7\u00e3o de&nbsp;<strong>581 planos locais de adapta\u00e7\u00e3o clim\u00e1tica<\/strong>. E para facilitar o acesso aos recursos, criaram um&nbsp;<strong>banco de projetos<\/strong>&nbsp;aberto at\u00e9&nbsp;<strong>19 de abril de 2026<\/strong>, onde cidades, estados e cons\u00f3rcios podem apresentar iniciativas nos seis eixos do programa&nbsp;<strong>Cidades Verdes e Resilientes<\/strong>. Na primeira chamada, a demanda&nbsp;<strong>superou os 10 bilh\u00f5es de reais<\/strong>.<\/p>\n\n\n\n<figure class=\"wp-block-image size-large\"><img decoding=\"async\" width=\"1024\" height=\"683\" src=\"https:\/\/latamobility.com\/wp-content\/uploads\/2026\/04\/Panel-5-a-1024x683.jpg\" alt=\"Brasil\" class=\"wp-image-64389\" srcset=\"https:\/\/latamobility.com\/wp-content\/uploads\/2026\/04\/Panel-5-a-1024x683.jpg 1024w, https:\/\/latamobility.com\/wp-content\/uploads\/2026\/04\/Panel-5-a-300x200.jpg 300w, https:\/\/latamobility.com\/wp-content\/uploads\/2026\/04\/Panel-5-a-768x512.jpg 768w, https:\/\/latamobility.com\/wp-content\/uploads\/2026\/04\/Panel-5-a-1536x1024.jpg 1536w, https:\/\/latamobility.com\/wp-content\/uploads\/2026\/04\/Panel-5-a-600x400.jpg 600w, https:\/\/latamobility.com\/wp-content\/uploads\/2026\/04\/Panel-5-a.jpg 2048w\" sizes=\"(max-width: 1024px) 100vw, 1024px\" \/><\/figure>\n\n\n\n<h2 class=\"wp-block-heading\" id=\"h-governanca-transversalidade-e-mudanca-de-paradigma\"><strong>Governan\u00e7a, transversalidade e mudan\u00e7a de paradigma<\/strong><\/h2>\n\n\n\n<p><strong>Ariadne Samios<\/strong>, moderadora e coordenadora de Mobilidade Ativa do&nbsp;<strong>WRI Brasil<\/strong>, conduziu o encerramento do painel perguntando:&nbsp;<strong>o que precisa mudar nos munic\u00edpios<\/strong>&nbsp;para que os projetos de adapta\u00e7\u00e3o e resili\u00eancia&nbsp;<strong>j\u00e1 nas\u00e7am integrados<\/strong>?<\/p>\n\n\n\n<p><strong>Manuela Accioly<\/strong>\u00a0respondeu que o principal desafio \u00e9 a\u00a0<strong>conscientiza\u00e7\u00e3o dos gestores municipais<\/strong>.\u00a0&#8220;Uma cidade adaptada \u00e9 tamb\u00e9m uma cidade que mitiga. Precisamos entender que a mobilidade n\u00e3o \u00e9 apenas transporte \u2013 especialmente quando falamos de mobilidade ativa. As secretarias devem falar a mesma l\u00edngua&#8221;, afirmou.<\/p>\n\n\n\n<p>Ela deu um exemplo concreto:\u00a0&#8220;Em Salvador, se uma ciclovia n\u00e3o for arborizada, as pessoas n\u00e3o pedalam por causa do calor. Precisamos que as secretarias de sustentabilidade e mobilidade conversem e casem recursos.&#8221;<\/p>\n\n\n\n<p><strong>Accioly<\/strong>\u00a0insistiu que o\u00a0<strong>desenho urbano envia uma mensagem para os cidad\u00e3os<\/strong>.\u00a0&#8220;Uma cidade com cal\u00e7adas boas, largas e arborizadas est\u00e1 dizendo: &#8216;pessoas, caminhem&#8217;. Uma malha ciclovi\u00e1ria conectada e segura diz: &#8216;pedalem&#8217;. Hoje, 80% das vias est\u00e3o ocupadas pelo carro. Temos que combater essa hierarquiza\u00e7\u00e3o perversa.&#8221;<\/p>\n\n\n\n<p>Por sua vez,\u00a0<strong>Marcus Athayde<\/strong>\u00a0alertou sobre o risco de\u00a0<strong>repetir erros em cidades pequenas<\/strong>. Deu o exemplo de\u00a0<strong>Soure<\/strong>, na\u00a0<strong>Ilha de Maraj\u00f3<\/strong>, que instalou seu primeiro sem\u00e1foro com\u00a0<strong>grande pompa<\/strong>\u00a0\u2013 quando o tr\u00e2nsito era m\u00ednimo.\u00a0<em>&#8220;<\/em>Estamos repetindo os mesmos erros. N\u00e3o estamos olhando para as cidades pequenas&#8221;, lamentou. Ele refor\u00e7ou a necessidade de\u00a0<strong>facilitar o acesso ao financiamento<\/strong>\u00a0e de trabalhar a\u00a0<strong>conscientiza\u00e7\u00e3o desde o prefeito at\u00e9 o servidor da ponta<\/strong>.<\/p>\n\n\n\n<p><strong>Mauricio Guerra<\/strong>\u00a0encerrou enfatizando a necessidade de investir em\u00a0<strong>transversalidade de pol\u00edticas<\/strong>\u00a0e no uso de\u00a0<strong>dados do futuro<\/strong>, n\u00e3o s\u00f3 do passado.\u00a0<em>&#8220;<\/em>Preparar bem os munic\u00edpios para minimizar perdas de vidas e danos \u00e9 fundamental. \u00c9 preciso comprometimento do gestor, capacita\u00e7\u00e3o t\u00e9cnica, criatividade e ousadia no uso dos recursos&#8221;, concluiu.<\/p>\n\n\n\n<h2 class=\"wp-block-heading\" id=\"h-a-cidade-como-sistema-integrado\"><strong>A cidade como sistema integrado<\/strong><\/h2>\n\n\n\n<p>O painel deixou uma conclus\u00e3o clara: a&nbsp;<strong>mobilidade sustent\u00e1vel n\u00e3o \u00e9 um assunto isolado<\/strong>&nbsp;\u2013 \u00e9 o resultado de uma&nbsp;<strong>vis\u00e3o integrada<\/strong>&nbsp;onde o clima, a natureza e o desenho urbano se encontram.<\/p>\n\n\n\n<p>As experi\u00eancias de&nbsp;<strong>Salvador<\/strong>&nbsp;e&nbsp;<strong>Bel\u00e9m<\/strong>, com o apoio t\u00e9cnico do&nbsp;<strong>WRI Brasil<\/strong>&nbsp;e o financiamento e articula\u00e7\u00e3o do&nbsp;<strong>Minist\u00e9rio do Meio Ambiente<\/strong>, mostram que&nbsp;<strong>\u00e9 poss\u00edvel caminhar para cidades mais verdes, resilientes e humanas<\/strong>.<\/p>\n\n\n\n<p><strong>Ariadne Samios<\/strong>\u00a0resumiu o esp\u00edrito do encontro:\u00a0&#8220;A cidade mostra quem \u00e9 priorizado. Nossas pol\u00edticas e a\u00e7\u00f5es devem dar protagonismo \u00e0s pessoas que caminham, pedalam e usam o transporte coletivo. Essa \u00e9 a verdadeira integra\u00e7\u00e3o para o desenvolvimento urbano sustent\u00e1vel.&#8221;<\/p>\n\n\n\n<figure class=\"wp-block-image size-large\"><img decoding=\"async\" width=\"1024\" height=\"683\" src=\"https:\/\/latamobility.com\/wp-content\/uploads\/2026\/04\/Panel-5-c-1024x683.jpg\" alt=\"Brasil\" class=\"wp-image-64395\" srcset=\"https:\/\/latamobility.com\/wp-content\/uploads\/2026\/04\/Panel-5-c-1024x683.jpg 1024w, https:\/\/latamobility.com\/wp-content\/uploads\/2026\/04\/Panel-5-c-300x200.jpg 300w, https:\/\/latamobility.com\/wp-content\/uploads\/2026\/04\/Panel-5-c-768x512.jpg 768w, https:\/\/latamobility.com\/wp-content\/uploads\/2026\/04\/Panel-5-c-1536x1024.jpg 1536w, https:\/\/latamobility.com\/wp-content\/uploads\/2026\/04\/Panel-5-c-600x400.jpg 600w, https:\/\/latamobility.com\/wp-content\/uploads\/2026\/04\/Panel-5-c.jpg 2048w\" sizes=\"(max-width: 1024px) 100vw, 1024px\" \/><figcaption class=\"wp-element-caption\">Da esquerda para a direita: Marcus Athayde, Manuela Accioly, Ariadne Samios e Mauricio Guerra<\/figcaption><\/figure>\n\n\n\n<h2 class=\"wp-block-heading\" id=\"h-a-agenda-para-descarbonizar-o-transporte\"><strong>A agenda para descarbonizar o transporte<\/strong><\/h2>\n\n\n\n<p>A <strong>Latam Mobility<\/strong> promove o di\u00e1logo dos principais l\u00edderes do setor ao longo de sua turn\u00ea 2026, que percorrer\u00e1 os principais mercados da regi\u00e3o para aprofundar esses e outros temas cruciais para a transforma\u00e7\u00e3o da mobilidade.<\/p>\n\n\n\n<p>Atrav\u00e9s de suas paradas em <strong><a href=\"https:\/\/latamobility.com\/pt-br\/summit\/latam-mobility-monterrey-2026-pt-br\/\">Monterrey<\/a><\/strong> e <strong><a href=\"https:\/\/latamobility.com\/pt-br\/summit\/latam-mobility-mexico-2026\/\">Cidade do M\u00e9xico<\/a><\/strong>, <strong><a href=\"https:\/\/latamobility.com\/pt-br\/summit\/latam-mobility-netzero-brazil-2026\/\">Brasil<\/a><\/strong>, <strong><a href=\"https:\/\/latamobility.com\/pt-br\/summit\/latam-mobility-colombia-2026\/\">Col\u00f4mbia<\/a><\/strong> e <strong><a href=\"https:\/\/latamobility.com\/pt-br\/summit\/latam-mobility-conosur-2026\/\">Chile<\/a><\/strong>, a plataforma continuar\u00e1 promovendo uma abordagem colaborativa para <strong>acelerar a transi\u00e7\u00e3o para sistemas de transporte mais limpos, eficientes e inclusivos<\/strong>, posicionando a Am\u00e9rica Latina como um l\u00edder relevante na mobilidade sustent\u00e1vel em n\u00edvel global.<\/p>\n\n\n\n<p>Fa\u00e7a parte do movimento que acelera a transforma\u00e7\u00e3o energ\u00e9tica e urbana da Am\u00e9rica Latina. Se voc\u00ea quiser saber mais detalhes sobre como participar e op\u00e7\u00f5es de posicionamento, clique <strong><a href=\"https:\/\/wa.link\/ekvh7n\">aqui<\/a><\/strong>.<\/p>\n\n\n\n<figure class=\"wp-block-image\"><img loading=\"lazy\" decoding=\"async\" width=\"1024\" height=\"576\" src=\"https:\/\/latamobility.com\/wp-content\/uploads\/2026\/03\/Gira-IIL.jpg-1-1024x576.jpeg\" alt=\"\" class=\"wp-image-62324\" srcset=\"https:\/\/latamobility.com\/wp-content\/uploads\/2026\/03\/Gira-IIL.jpg-1-1024x576.jpeg 1024w, https:\/\/latamobility.com\/wp-content\/uploads\/2026\/03\/Gira-IIL.jpg-1-300x169.jpeg 300w, https:\/\/latamobility.com\/wp-content\/uploads\/2026\/03\/Gira-IIL.jpg-1-768x432.jpeg 768w, https:\/\/latamobility.com\/wp-content\/uploads\/2026\/03\/Gira-IIL.jpg-1-1536x864.jpeg 1536w, https:\/\/latamobility.com\/wp-content\/uploads\/2026\/03\/Gira-IIL.jpg-1-2048x1153.jpeg 2048w, https:\/\/latamobility.com\/wp-content\/uploads\/2026\/03\/Gira-IIL.jpg-1-600x338.jpeg 600w\" sizes=\"(max-width: 1024px) 100vw, 1024px\" \/><\/figure>\n","protected":false},"excerpt":{"rendered":"<p>Durante o&nbsp;&#8220;Latam Mobility &amp; Net Zero Brasil 2026&#8221;, que rolou em S\u00e3o Paulo, o painel&nbsp;&#8220;Mobilidade, clima e cidade: Integrando solu\u00e7\u00f5es para o desenvolvimento urbano sustent\u00e1vel&#8221;&nbsp;reuniu representantes de&nbsp;Salvador,&nbsp;Bel\u00e9m&nbsp;e do&nbsp;Governo Federal do Brasil. A conversa, mediada por&nbsp;Ariadne Samios, do&nbsp;WRI Brasil, mostrou a&nbsp;urg\u00eancia de articular pol\u00edticas intersetoriais&nbsp;que juntem&nbsp;mobilidade ativa,&nbsp;infraestrutura verde&nbsp;e&nbsp;adapta\u00e7\u00e3o clim\u00e1tica&nbsp;para construir&nbsp;cidades mais resilientes, justas e habit\u00e1veis. O&#8230;<\/p>\n","protected":false},"author":10,"featured_media":64392,"comment_status":"open","ping_status":"closed","sticky":false,"template":"","format":"standard","meta":{"_kad_post_transparent":"","_kad_post_title":"","_kad_post_layout":"","_kad_post_sidebar_id":"","_kad_post_content_style":"","_kad_post_vertical_padding":"","_kad_post_feature":"","_kad_post_feature_position":"","_kad_post_header":false,"_kad_post_footer":false,"_kad_post_classname":"","footnotes":""},"categories":[2972],"tags":[2347,2253,3593],"class_list":["post-64405","post","type-post","status-publish","format-standard","has-post-thumbnail","hentry","category-encuentros-movilidad-sostenible-pt-br","tag-brasil-3","tag-brasil","tag-latam-mobility-brasil-2026"],"yoast_head":"<!-- This site is optimized with the Yoast SEO Premium plugin v22.7 (Yoast SEO v27.1.1) - https:\/\/yoast.com\/product\/yoast-seo-premium-wordpress\/ -->\n<title>Brasil: Salvador e Bel\u00e9m lideram projetos de mobilidade ativa com solu\u00e7\u00f5es baseadas na natureza - Latam Mobility<\/title>\n<meta name=\"description\" content=\"Durante o&nbsp;&quot;Latam Mobility &amp; Net Zero Brasil 2026&quot;, que rolou em S\u00e3o Paulo, o painel&nbsp;&quot;Mobilidade, clima e cidade: Integrando solu\u00e7\u00f5es para o\" \/>\n<meta name=\"robots\" content=\"index, follow, max-snippet:-1, max-image-preview:large, max-video-preview:-1\" \/>\n<link rel=\"canonical\" href=\"https:\/\/latamobility.com\/wri-brasil-salvador-belem-movilidad-activa-soluciones-naturaleza\/\" \/>\n<meta property=\"og:locale\" content=\"pt_BR\" \/>\n<meta property=\"og:type\" content=\"article\" \/>\n<meta property=\"og:title\" content=\"Brasil: Salvador e Bel\u00e9m lideram projetos de mobilidade ativa com solu\u00e7\u00f5es baseadas na natureza\" \/>\n<meta property=\"og:description\" content=\"Durante o&nbsp;&quot;Latam Mobility &amp; Net Zero Brasil 2026&quot;, que rolou em S\u00e3o Paulo, o painel&nbsp;&quot;Mobilidade, clima e cidade: Integrando solu\u00e7\u00f5es para o\" \/>\n<meta property=\"og:url\" content=\"https:\/\/latamobility.com\/wri-brasil-salvador-belem-movilidad-activa-soluciones-naturaleza\/\" \/>\n<meta property=\"og:site_name\" content=\"Latam Mobility\" \/>\n<meta property=\"article:publisher\" content=\"https:\/\/www.facebook.com\/latamobility\/\" \/>\n<meta property=\"article:published_time\" content=\"2026-04-27T10:00:00+00:00\" \/>\n<meta property=\"og:image\" content=\"https:\/\/latamobility.com\/wp-content\/uploads\/2026\/04\/Panel-5-b.jpg\" \/>\n\t<meta property=\"og:image:width\" content=\"2048\" \/>\n\t<meta property=\"og:image:height\" content=\"1365\" \/>\n\t<meta property=\"og:image:type\" content=\"image\/jpeg\" \/>\n<meta name=\"author\" content=\"Antonio Vilela\" \/>\n<meta name=\"twitter:card\" content=\"summary_large_image\" \/>\n<meta name=\"twitter:creator\" content=\"@LataMobility\" \/>\n<meta name=\"twitter:site\" content=\"@LataMobility\" \/>\n<meta name=\"twitter:label1\" content=\"Escrito por\" \/>\n\t<meta name=\"twitter:data1\" content=\"Antonio Vilela\" \/>\n\t<meta name=\"twitter:label2\" content=\"Est. tempo de leitura\" \/>\n\t<meta name=\"twitter:data2\" content=\"8 minutos\" \/>\n<script type=\"application\/ld+json\" class=\"yoast-schema-graph\">{\"@context\":\"https:\/\/schema.org\",\"@graph\":[{\"@type\":\"Article\",\"@id\":\"https:\/\/latamobility.com\/wri-brasil-salvador-belem-movilidad-activa-soluciones-naturaleza\/#article\",\"isPartOf\":{\"@id\":\"https:\/\/latamobility.com\/wri-brasil-salvador-belem-movilidad-activa-soluciones-naturaleza\/\"},\"author\":{\"name\":\"Antonio Vilela\",\"@id\":\"https:\/\/latamobility.com\/#\/schema\/person\/fda092a2de1f87d347784282908bad1a\"},\"headline\":\"Brasil: Salvador e Bel\u00e9m lideram projetos de mobilidade ativa com solu\u00e7\u00f5es baseadas na natureza\",\"datePublished\":\"2026-04-27T10:00:00+00:00\",\"mainEntityOfPage\":{\"@id\":\"https:\/\/latamobility.com\/wri-brasil-salvador-belem-movilidad-activa-soluciones-naturaleza\/\"},\"wordCount\":1694,\"commentCount\":0,\"publisher\":{\"@id\":\"https:\/\/latamobility.com\/#organization\"},\"image\":{\"@id\":\"https:\/\/latamobility.com\/wri-brasil-salvador-belem-movilidad-activa-soluciones-naturaleza\/#primaryimage\"},\"thumbnailUrl\":\"https:\/\/latamobility.com\/wp-content\/uploads\/2026\/04\/Panel-5-b.jpg\",\"keywords\":[\"Brasil\",\"Brasil\",\"Latam Mobility Brasil 2026\"],\"articleSection\":[\"Encuentros\"],\"inLanguage\":\"pt-BR\",\"potentialAction\":[{\"@type\":\"CommentAction\",\"name\":\"Comment\",\"target\":[\"https:\/\/latamobility.com\/wri-brasil-salvador-belem-movilidad-activa-soluciones-naturaleza\/#respond\"]}]},{\"@type\":\"WebPage\",\"@id\":\"https:\/\/latamobility.com\/wri-brasil-salvador-belem-movilidad-activa-soluciones-naturaleza\/\",\"url\":\"https:\/\/latamobility.com\/wri-brasil-salvador-belem-movilidad-activa-soluciones-naturaleza\/\",\"name\":\"Brasil: Salvador e Bel\u00e9m lideram projetos de mobilidade ativa com solu\u00e7\u00f5es baseadas na natureza - Latam Mobility\",\"isPartOf\":{\"@id\":\"https:\/\/latamobility.com\/#website\"},\"primaryImageOfPage\":{\"@id\":\"https:\/\/latamobility.com\/wri-brasil-salvador-belem-movilidad-activa-soluciones-naturaleza\/#primaryimage\"},\"image\":{\"@id\":\"https:\/\/latamobility.com\/wri-brasil-salvador-belem-movilidad-activa-soluciones-naturaleza\/#primaryimage\"},\"thumbnailUrl\":\"https:\/\/latamobility.com\/wp-content\/uploads\/2026\/04\/Panel-5-b.jpg\",\"datePublished\":\"2026-04-27T10:00:00+00:00\",\"description\":\"Durante o&nbsp;\\\"Latam Mobility &amp; Net Zero Brasil 2026\\\", que rolou em S\u00e3o Paulo, o painel&nbsp;\\\"Mobilidade, clima e cidade: Integrando solu\u00e7\u00f5es para o\",\"breadcrumb\":{\"@id\":\"https:\/\/latamobility.com\/wri-brasil-salvador-belem-movilidad-activa-soluciones-naturaleza\/#breadcrumb\"},\"inLanguage\":\"pt-BR\",\"potentialAction\":[{\"@type\":\"ReadAction\",\"target\":[\"https:\/\/latamobility.com\/wri-brasil-salvador-belem-movilidad-activa-soluciones-naturaleza\/\"]}]},{\"@type\":\"ImageObject\",\"inLanguage\":\"pt-BR\",\"@id\":\"https:\/\/latamobility.com\/wri-brasil-salvador-belem-movilidad-activa-soluciones-naturaleza\/#primaryimage\",\"url\":\"https:\/\/latamobility.com\/wp-content\/uploads\/2026\/04\/Panel-5-b.jpg\",\"contentUrl\":\"https:\/\/latamobility.com\/wp-content\/uploads\/2026\/04\/Panel-5-b.jpg\",\"width\":2048,\"height\":1365,\"caption\":\"Brasil\"},{\"@type\":\"BreadcrumbList\",\"@id\":\"https:\/\/latamobility.com\/wri-brasil-salvador-belem-movilidad-activa-soluciones-naturaleza\/#breadcrumb\",\"itemListElement\":[{\"@type\":\"ListItem\",\"position\":1,\"name\":\"Portada\",\"item\":\"https:\/\/latamobility.com\/pt-br\/\"},{\"@type\":\"ListItem\",\"position\":2,\"name\":\"Brasil: Salvador e Bel\u00e9m lideram projetos de mobilidade ativa com solu\u00e7\u00f5es baseadas na natureza\"}]},{\"@type\":\"WebSite\",\"@id\":\"https:\/\/latamobility.com\/#website\",\"url\":\"https:\/\/latamobility.com\/\",\"name\":\"Latam Mobility\",\"description\":\"Serie de Eventos para promover la Movilidad y Transporte sostenible en Latinoam\u00e9rica\",\"publisher\":{\"@id\":\"https:\/\/latamobility.com\/#organization\"},\"potentialAction\":[{\"@type\":\"SearchAction\",\"target\":{\"@type\":\"EntryPoint\",\"urlTemplate\":\"https:\/\/latamobility.com\/?s={search_term_string}\"},\"query-input\":{\"@type\":\"PropertyValueSpecification\",\"valueRequired\":true,\"valueName\":\"search_term_string\"}}],\"inLanguage\":\"pt-BR\"},{\"@type\":\"Organization\",\"@id\":\"https:\/\/latamobility.com\/#organization\",\"name\":\"LATAM MOBILITY\",\"url\":\"https:\/\/latamobility.com\/\",\"logo\":{\"@type\":\"ImageObject\",\"inLanguage\":\"pt-BR\",\"@id\":\"https:\/\/latamobility.com\/#\/schema\/logo\/image\/\",\"url\":\"https:\/\/latamobility.com\/wp-content\/uploads\/2025\/01\/logos-LM-LG-2025-10.png\",\"contentUrl\":\"https:\/\/latamobility.com\/wp-content\/uploads\/2025\/01\/logos-LM-LG-2025-10.png\",\"width\":1080,\"height\":1080,\"caption\":\"LATAM MOBILITY\"},\"image\":{\"@id\":\"https:\/\/latamobility.com\/#\/schema\/logo\/image\/\"},\"sameAs\":[\"https:\/\/www.facebook.com\/latamobility\/\",\"https:\/\/x.com\/LataMobility\",\"https:\/\/www.instagram.com\/latamobility\/\",\"https:\/\/www.linkedin.com\/company\/latamobility\/\",\"https:\/\/www.youtube.com\/channel\/UCtcslRCRY0vITWaOQ1X0XUA\"]},{\"@type\":\"Person\",\"@id\":\"https:\/\/latamobility.com\/#\/schema\/person\/fda092a2de1f87d347784282908bad1a\",\"name\":\"Antonio Vilela\",\"image\":{\"@type\":\"ImageObject\",\"inLanguage\":\"pt-BR\",\"@id\":\"https:\/\/latamobility.com\/#\/schema\/person\/image\/\",\"url\":\"https:\/\/secure.gravatar.com\/avatar\/7eee8196fd2fda180806d7b41cd517f274d5ad3b9f65d873feb3ca7e2b3a72d2?s=96&d=mm&r=g\",\"contentUrl\":\"https:\/\/secure.gravatar.com\/avatar\/7eee8196fd2fda180806d7b41cd517f274d5ad3b9f65d873feb3ca7e2b3a72d2?s=96&d=mm&r=g\",\"caption\":\"Antonio Vilela\"}}]}<\/script>\n<!-- \/ Yoast SEO Premium plugin. -->","yoast_head_json":{"title":"Brasil: Salvador e Bel\u00e9m lideram projetos de mobilidade ativa com solu\u00e7\u00f5es baseadas na natureza - Latam Mobility","description":"Durante o&nbsp;\"Latam Mobility &amp; Net Zero Brasil 2026\", que rolou em S\u00e3o Paulo, o painel&nbsp;\"Mobilidade, clima e cidade: Integrando solu\u00e7\u00f5es para o","robots":{"index":"index","follow":"follow","max-snippet":"max-snippet:-1","max-image-preview":"max-image-preview:large","max-video-preview":"max-video-preview:-1"},"canonical":"https:\/\/latamobility.com\/wri-brasil-salvador-belem-movilidad-activa-soluciones-naturaleza\/","og_locale":"pt_BR","og_type":"article","og_title":"Brasil: Salvador e Bel\u00e9m lideram projetos de mobilidade ativa com solu\u00e7\u00f5es baseadas na natureza","og_description":"Durante o&nbsp;\"Latam Mobility &amp; Net Zero Brasil 2026\", que rolou em S\u00e3o Paulo, o painel&nbsp;\"Mobilidade, clima e cidade: Integrando solu\u00e7\u00f5es para o","og_url":"https:\/\/latamobility.com\/wri-brasil-salvador-belem-movilidad-activa-soluciones-naturaleza\/","og_site_name":"Latam Mobility","article_publisher":"https:\/\/www.facebook.com\/latamobility\/","article_published_time":"2026-04-27T10:00:00+00:00","og_image":[{"width":2048,"height":1365,"url":"https:\/\/latamobility.com\/wp-content\/uploads\/2026\/04\/Panel-5-b.jpg","type":"image\/jpeg"}],"author":"Antonio Vilela","twitter_card":"summary_large_image","twitter_creator":"@LataMobility","twitter_site":"@LataMobility","twitter_misc":{"Escrito por":"Antonio Vilela","Est. tempo de leitura":"8 minutos"},"schema":{"@context":"https:\/\/schema.org","@graph":[{"@type":"Article","@id":"https:\/\/latamobility.com\/wri-brasil-salvador-belem-movilidad-activa-soluciones-naturaleza\/#article","isPartOf":{"@id":"https:\/\/latamobility.com\/wri-brasil-salvador-belem-movilidad-activa-soluciones-naturaleza\/"},"author":{"name":"Antonio Vilela","@id":"https:\/\/latamobility.com\/#\/schema\/person\/fda092a2de1f87d347784282908bad1a"},"headline":"Brasil: Salvador e Bel\u00e9m lideram projetos de mobilidade ativa com solu\u00e7\u00f5es baseadas na natureza","datePublished":"2026-04-27T10:00:00+00:00","mainEntityOfPage":{"@id":"https:\/\/latamobility.com\/wri-brasil-salvador-belem-movilidad-activa-soluciones-naturaleza\/"},"wordCount":1694,"commentCount":0,"publisher":{"@id":"https:\/\/latamobility.com\/#organization"},"image":{"@id":"https:\/\/latamobility.com\/wri-brasil-salvador-belem-movilidad-activa-soluciones-naturaleza\/#primaryimage"},"thumbnailUrl":"https:\/\/latamobility.com\/wp-content\/uploads\/2026\/04\/Panel-5-b.jpg","keywords":["Brasil","Brasil","Latam Mobility Brasil 2026"],"articleSection":["Encuentros"],"inLanguage":"pt-BR","potentialAction":[{"@type":"CommentAction","name":"Comment","target":["https:\/\/latamobility.com\/wri-brasil-salvador-belem-movilidad-activa-soluciones-naturaleza\/#respond"]}]},{"@type":"WebPage","@id":"https:\/\/latamobility.com\/wri-brasil-salvador-belem-movilidad-activa-soluciones-naturaleza\/","url":"https:\/\/latamobility.com\/wri-brasil-salvador-belem-movilidad-activa-soluciones-naturaleza\/","name":"Brasil: Salvador e Bel\u00e9m lideram projetos de mobilidade ativa com solu\u00e7\u00f5es baseadas na natureza - Latam Mobility","isPartOf":{"@id":"https:\/\/latamobility.com\/#website"},"primaryImageOfPage":{"@id":"https:\/\/latamobility.com\/wri-brasil-salvador-belem-movilidad-activa-soluciones-naturaleza\/#primaryimage"},"image":{"@id":"https:\/\/latamobility.com\/wri-brasil-salvador-belem-movilidad-activa-soluciones-naturaleza\/#primaryimage"},"thumbnailUrl":"https:\/\/latamobility.com\/wp-content\/uploads\/2026\/04\/Panel-5-b.jpg","datePublished":"2026-04-27T10:00:00+00:00","description":"Durante o&nbsp;\"Latam Mobility &amp; Net Zero Brasil 2026\", que rolou em S\u00e3o Paulo, o painel&nbsp;\"Mobilidade, clima e cidade: Integrando solu\u00e7\u00f5es para o","breadcrumb":{"@id":"https:\/\/latamobility.com\/wri-brasil-salvador-belem-movilidad-activa-soluciones-naturaleza\/#breadcrumb"},"inLanguage":"pt-BR","potentialAction":[{"@type":"ReadAction","target":["https:\/\/latamobility.com\/wri-brasil-salvador-belem-movilidad-activa-soluciones-naturaleza\/"]}]},{"@type":"ImageObject","inLanguage":"pt-BR","@id":"https:\/\/latamobility.com\/wri-brasil-salvador-belem-movilidad-activa-soluciones-naturaleza\/#primaryimage","url":"https:\/\/latamobility.com\/wp-content\/uploads\/2026\/04\/Panel-5-b.jpg","contentUrl":"https:\/\/latamobility.com\/wp-content\/uploads\/2026\/04\/Panel-5-b.jpg","width":2048,"height":1365,"caption":"Brasil"},{"@type":"BreadcrumbList","@id":"https:\/\/latamobility.com\/wri-brasil-salvador-belem-movilidad-activa-soluciones-naturaleza\/#breadcrumb","itemListElement":[{"@type":"ListItem","position":1,"name":"Portada","item":"https:\/\/latamobility.com\/pt-br\/"},{"@type":"ListItem","position":2,"name":"Brasil: Salvador e Bel\u00e9m lideram projetos de mobilidade ativa com solu\u00e7\u00f5es baseadas na natureza"}]},{"@type":"WebSite","@id":"https:\/\/latamobility.com\/#website","url":"https:\/\/latamobility.com\/","name":"Latam Mobility","description":"Serie de Eventos para promover la Movilidad y Transporte sostenible en Latinoam\u00e9rica","publisher":{"@id":"https:\/\/latamobility.com\/#organization"},"potentialAction":[{"@type":"SearchAction","target":{"@type":"EntryPoint","urlTemplate":"https:\/\/latamobility.com\/?s={search_term_string}"},"query-input":{"@type":"PropertyValueSpecification","valueRequired":true,"valueName":"search_term_string"}}],"inLanguage":"pt-BR"},{"@type":"Organization","@id":"https:\/\/latamobility.com\/#organization","name":"LATAM MOBILITY","url":"https:\/\/latamobility.com\/","logo":{"@type":"ImageObject","inLanguage":"pt-BR","@id":"https:\/\/latamobility.com\/#\/schema\/logo\/image\/","url":"https:\/\/latamobility.com\/wp-content\/uploads\/2025\/01\/logos-LM-LG-2025-10.png","contentUrl":"https:\/\/latamobility.com\/wp-content\/uploads\/2025\/01\/logos-LM-LG-2025-10.png","width":1080,"height":1080,"caption":"LATAM MOBILITY"},"image":{"@id":"https:\/\/latamobility.com\/#\/schema\/logo\/image\/"},"sameAs":["https:\/\/www.facebook.com\/latamobility\/","https:\/\/x.com\/LataMobility","https:\/\/www.instagram.com\/latamobility\/","https:\/\/www.linkedin.com\/company\/latamobility\/","https:\/\/www.youtube.com\/channel\/UCtcslRCRY0vITWaOQ1X0XUA"]},{"@type":"Person","@id":"https:\/\/latamobility.com\/#\/schema\/person\/fda092a2de1f87d347784282908bad1a","name":"Antonio Vilela","image":{"@type":"ImageObject","inLanguage":"pt-BR","@id":"https:\/\/latamobility.com\/#\/schema\/person\/image\/","url":"https:\/\/secure.gravatar.com\/avatar\/7eee8196fd2fda180806d7b41cd517f274d5ad3b9f65d873feb3ca7e2b3a72d2?s=96&d=mm&r=g","contentUrl":"https:\/\/secure.gravatar.com\/avatar\/7eee8196fd2fda180806d7b41cd517f274d5ad3b9f65d873feb3ca7e2b3a72d2?s=96&d=mm&r=g","caption":"Antonio Vilela"}}]}},"_links":{"self":[{"href":"https:\/\/latamobility.com\/pt-br\/wp-json\/wp\/v2\/posts\/64405","targetHints":{"allow":["GET"]}}],"collection":[{"href":"https:\/\/latamobility.com\/pt-br\/wp-json\/wp\/v2\/posts"}],"about":[{"href":"https:\/\/latamobility.com\/pt-br\/wp-json\/wp\/v2\/types\/post"}],"author":[{"embeddable":true,"href":"https:\/\/latamobility.com\/pt-br\/wp-json\/wp\/v2\/users\/10"}],"replies":[{"embeddable":true,"href":"https:\/\/latamobility.com\/pt-br\/wp-json\/wp\/v2\/comments?post=64405"}],"version-history":[{"count":1,"href":"https:\/\/latamobility.com\/pt-br\/wp-json\/wp\/v2\/posts\/64405\/revisions"}],"predecessor-version":[{"id":64406,"href":"https:\/\/latamobility.com\/pt-br\/wp-json\/wp\/v2\/posts\/64405\/revisions\/64406"}],"wp:featuredmedia":[{"embeddable":true,"href":"https:\/\/latamobility.com\/pt-br\/wp-json\/wp\/v2\/media\/64392"}],"wp:attachment":[{"href":"https:\/\/latamobility.com\/pt-br\/wp-json\/wp\/v2\/media?parent=64405"}],"wp:term":[{"taxonomy":"category","embeddable":true,"href":"https:\/\/latamobility.com\/pt-br\/wp-json\/wp\/v2\/categories?post=64405"},{"taxonomy":"post_tag","embeddable":true,"href":"https:\/\/latamobility.com\/pt-br\/wp-json\/wp\/v2\/tags?post=64405"}],"curies":[{"name":"wp","href":"https:\/\/api.w.org\/{rel}","templated":true}]}}