{"id":64429,"date":"2026-04-27T05:05:00","date_gmt":"2026-04-27T10:05:00","guid":{"rendered":"https:\/\/latamobility.com\/?p=64429"},"modified":"2026-04-22T18:07:16","modified_gmt":"2026-04-22T23:07:16","slug":"c40-e-gcom-impulsionam-a-coordenacao-multinivel-para-estruturar-projetos-de-eletromobilidade-no-brasil","status":"publish","type":"post","link":"https:\/\/latamobility.com\/pt-br\/c40-e-gcom-impulsionam-a-coordenacao-multinivel-para-estruturar-projetos-de-eletromobilidade-no-brasil\/","title":{"rendered":"C40 e GCoM impulsionam a coordena\u00e7\u00e3o multin\u00edvel para estruturar projetos de eletromobilidade no Brasil"},"content":{"rendered":"\n<p>Durante o <strong>&#8220;Latam Mobility &amp; Net Zero Brasil 2026&#8221;<\/strong>, que rolou em S\u00e3o Paulo, <strong>H\u00e9linah Cardoso<\/strong> (l\u00edder de engajamento da <strong>C40<\/strong> e do <strong>Pacto Global de Prefeitos pelo Clima e a Energia (GCoM)<\/strong> ) apresentou a palestra <strong>&#8220;A import\u00e2ncia da coordena\u00e7\u00e3o multin\u00edvel e das redes na estrutura\u00e7\u00e3o de projetos de eletromobilidade e transporte&#8221;<\/strong>.<\/p>\n\n\n\n<p>Na sua fala, <strong>Cardoso<\/strong> enfatizou que a <strong>articula\u00e7\u00e3o entre governo federal, estados, munic\u00edpios e setor privado<\/strong> \u00e9 fundamental para acelerar a transi\u00e7\u00e3o para uma <strong>mobilidade el\u00e9trica eficiente e que realmente beneficie a popula\u00e7\u00e3o<\/strong>.<\/p>\n\n\n\n<p>A especialista come\u00e7ou destacando um <strong>dado animador para o mercado brasileiro<\/strong>: em 2019, <strong>apenas um fabricante<\/strong> produzia \u00f4nibus el\u00e9tricos no Brasil; hoje, j\u00e1 s\u00e3o <strong>dez<\/strong>. Essa competitividade maior, observou ela, permite que prefeituras e cidades sejam <strong>mais eficientes nos seus contratos e licita\u00e7\u00f5es<\/strong>, garantindo uma concorr\u00eancia mais vantajosa para a <strong>popula\u00e7\u00e3o<\/strong>, que \u00e9 a destinat\u00e1ria final dessas pol\u00edticas.<\/p>\n\n\n\n<p><strong>Voc\u00ea tamb\u00e9m pode se interessar<\/strong> | <strong><a href=\"https:\/\/latamobility.com\/pt-br\/bid-uitp-e-autoridades-de-sao-paulo-apresentam-modelos-de-financiamento-e-politicas-publicas-para-eletrificacao-do-transporte-no-brasil\/\">BID, UITP e autoridades de S\u00e3o Paulo apresentam modelos de financiamento e pol\u00edticas p\u00fablicas para a eletrifica\u00e7\u00e3o do transporte no Brasil<\/a><\/strong><\/p>\n\n\n\n<h2 class=\"wp-block-heading\" id=\"h-politicas-publicas-que-incentivam-a-eletrificacao\"><strong>Pol\u00edticas p\u00fablicas que incentivam a eletrifica\u00e7\u00e3o<\/strong><\/h2>\n\n\n\n<p><strong>Cardoso<\/strong> lembrou que, como foi dito no painel anterior do <strong>Minist\u00e9rio do Meio Ambiente e Mudan\u00e7a do Clima<\/strong> do Brasil, <strong>existem pol\u00edticas p\u00fablicas hoje<\/strong> para fomentar o avan\u00e7o da eletrifica\u00e7\u00e3o.<\/p>\n\n\n\n<p>&#8220;Isso \u00e9 muito importante porque o alinhamento entre o que \u00e9 proposto no governo nacional, no governo subnacional e nos territ\u00f3rios pode fortalecer enormemente a agenda. A gente chama isso de governan\u00e7a multin\u00edvel&#8221;, explicou.<\/p>\n\n\n\n<p>Segundo a especialista, <strong>a pr\u00e1tica acelera quando todo mundo trabalha conectado com o bem comum<\/strong> \u2013 o que permite agilizar a implementa\u00e7\u00e3o e os resultados.<\/p>\n\n\n\n<p>Hoje, o <strong>Brasil<\/strong> vive um momento em que existem pol\u00edticas p\u00fablicas <strong>financiando iniciativas de eletromobilidade<\/strong> e, ao mesmo tempo, <strong>munic\u00edpios dispostos a implement\u00e1-las<\/strong> \u2013 fazendo seus contratos e licita\u00e7\u00f5es, e <strong>saindo de projetos-piloto para uma estrat\u00e9gia de m\u00e9dio e longo prazo<\/strong> para incorporar frotas de \u00f4nibus el\u00e9tricos nas cidades.<\/p>\n\n\n\n<figure class=\"wp-block-image size-large\"><img fetchpriority=\"high\" decoding=\"async\" width=\"1024\" height=\"683\" src=\"https:\/\/latamobility.com\/wp-content\/uploads\/2026\/04\/C40-b-1024x683.jpg\" alt=\"C40\" class=\"wp-image-64415\" srcset=\"https:\/\/latamobility.com\/wp-content\/uploads\/2026\/04\/C40-b-1024x683.jpg 1024w, https:\/\/latamobility.com\/wp-content\/uploads\/2026\/04\/C40-b-300x200.jpg 300w, https:\/\/latamobility.com\/wp-content\/uploads\/2026\/04\/C40-b-768x512.jpg 768w, https:\/\/latamobility.com\/wp-content\/uploads\/2026\/04\/C40-b-1536x1024.jpg 1536w, https:\/\/latamobility.com\/wp-content\/uploads\/2026\/04\/C40-b-600x400.jpg 600w, https:\/\/latamobility.com\/wp-content\/uploads\/2026\/04\/C40-b.jpg 2048w\" sizes=\"(max-width: 1024px) 100vw, 1024px\" \/><\/figure>\n\n\n\n<h2 class=\"wp-block-heading\" id=\"h-a-governanca-multinivel-para-acelerar-resultados\"><strong>A governan\u00e7a multin\u00edvel para acelerar resultados<\/strong><\/h2>\n\n\n\n<p><strong>H\u00e9linah Cardoso<\/strong> foi enf\u00e1tica: a agenda de eletromobilidade <strong>n\u00e3o pode ser eficiente nem acelerada<\/strong> se n\u00e3o for <strong>uma agenda de todos<\/strong> \u2013 e se a gente n\u00e3o souber usar as compet\u00eancias que cada institui\u00e7\u00e3o e cada pessoa tem para oferecer. Por isso, ela prop\u00f4s olhar para cada n\u00edvel de governo:<\/p>\n\n\n\n<ul class=\"wp-block-list\">\n<li>O <strong>governo federal<\/strong> entra com as pol\u00edticas p\u00fablicas.<\/li>\n\n\n\n<li>Os <strong>estados<\/strong> participam principalmente nas pol\u00edticas de regi\u00f5es metropolitanas.<\/li>\n\n\n\n<li>As <strong>cidades<\/strong> t\u00eam um papel fundamental na <strong>opera\u00e7\u00e3o, no desenho dos contratos e no planejamento<\/strong>.<\/li>\n\n\n\n<li>O <strong>setor privado<\/strong> cumpre fun\u00e7\u00f5es espec\u00edficas para que a eletromobilidade <strong>cres\u00e7a, avance e se torne cada vez mais ben\u00e9fica para as pessoas<\/strong>.<\/li>\n<\/ul>\n\n\n\n<p>&#8220;Se a gente conseguir falar mais com todos e todas, n\u00e3o vamos estar apenas beneficiando as popula\u00e7\u00f5es e desenvolvendo tecnologias \u2013 vamos tamb\u00e9m entregar melhores condi\u00e7\u00f5es para n\u00f3s mesmos e para o territ\u00f3rio onde vivemos&#8221;, afirmou.<\/p>\n\n\n\n<h2 class=\"wp-block-heading\" id=\"h-c40-o-pacto-global-e-o-mutirao-brasil\"><strong>C40, o Pacto Global e o Mutir\u00e3o Brasil<\/strong><\/h2>\n\n\n\n<p><strong>Cardoso<\/strong> falou em nome de duas redes de cidades: a <strong>C40<\/strong> e o <strong>Pacto Global de Prefeitos pelo Clima e a Energia (GCoM)<\/strong> . Explicou que essas organiza\u00e7\u00f5es trabalham com cidades do mundo todo para ajud\u00e1-las a <strong>responder de forma cada vez mais qualificada \u00e0s mudan\u00e7as clim\u00e1ticas<\/strong>.<\/p>\n\n\n\n<p>&#8220;Nossa grande miss\u00e3o nos \u00faltimos anos tem sido entender qual \u00e9 a demanda dos territ\u00f3rios e das pessoas que vivem neles, e apoiar para que isso se transforme em projetos \u2013 que saia de um plano, de uma ideia, e se torne a\u00e7\u00e3o concreta no territ\u00f3rio&#8221;, destacou.<\/p>\n\n\n\n<figure class=\"wp-block-image size-large\"><img decoding=\"async\" width=\"1024\" height=\"683\" src=\"https:\/\/latamobility.com\/wp-content\/uploads\/2026\/04\/C40-c-1024x683.jpg\" alt=\"C40\" class=\"wp-image-64418\" srcset=\"https:\/\/latamobility.com\/wp-content\/uploads\/2026\/04\/C40-c-1024x683.jpg 1024w, https:\/\/latamobility.com\/wp-content\/uploads\/2026\/04\/C40-c-300x200.jpg 300w, https:\/\/latamobility.com\/wp-content\/uploads\/2026\/04\/C40-c-768x512.jpg 768w, https:\/\/latamobility.com\/wp-content\/uploads\/2026\/04\/C40-c-1536x1024.jpg 1536w, https:\/\/latamobility.com\/wp-content\/uploads\/2026\/04\/C40-c-600x400.jpg 600w, https:\/\/latamobility.com\/wp-content\/uploads\/2026\/04\/C40-c.jpg 2048w\" sizes=\"(max-width: 1024px) 100vw, 1024px\" \/><\/figure>\n\n\n\n<p>Entre as linhas de trabalho, ela mencionou a <strong>estrutura\u00e7\u00e3o t\u00e9cnica de projetos de eletromobilidade e mobilidade urbana em geral<\/strong>, <strong>facilitando a troca de conhecimento entre cidades e munic\u00edpios<\/strong>, e <strong>acelerando o aprendizado e a escalabilidade<\/strong> dessas a\u00e7\u00f5es.<\/p>\n\n\n\n<p>Durante a apresenta\u00e7\u00e3o, <strong>H\u00e9linah Cardoso<\/strong> anunciou que atualmente est\u00e1 sendo implementado o programa <strong>Mutir\u00e3o Brasil<\/strong> \u2013 uma iniciativa tamb\u00e9m mencionada na sess\u00e3o anterior do <strong>WRI Brasil<\/strong>. &#8220;\u00c9 uma iniciativa para, de fato, tirar do papel o tema clima e transform\u00e1-lo em a\u00e7\u00e3o nas cidades&#8221;, explicou. O programa busca <strong>mobilizar e estruturar projetos<\/strong> nas \u00e1reas de transporte, mobilidade urbana e tamb\u00e9m res\u00edduos.<\/p>\n\n\n\n<p><strong>Cardoso<\/strong> agradeceu e destacou os parceiros estrat\u00e9gicos nessa jornada: a <strong>Frente Nacional de Prefeitas e Prefeitos<\/strong>, que tem sido uma <strong>grande aliada pol\u00edtica<\/strong> na implementa\u00e7\u00e3o do programa; os minist\u00e9rios; o <strong>WRI Brasil<\/strong> por toda sua experi\u00eancia na agenda de mobilidade urbana; e o <strong>CCT<\/strong>, parceiro em eletrifica\u00e7\u00e3o. &#8220;Que assim seja, que a gente consiga eletrificar muitas frotas nas cidades brasileiras&#8221;, desejou.<\/p>\n\n\n\n<h2 class=\"wp-block-heading\" id=\"h-convite-para-fazer-parte-da-mudanca\"><strong>Convite para fazer parte da mudan\u00e7a<\/strong><\/h2>\n\n\n\n<p>Para fechar, a l\u00edder de engajamento da <strong>C40\/GCoM<\/strong> convidou todos os presentes que trabalham com eletromobilidade a <strong>fotografar e conhecer as cidades participantes<\/strong>, porque &#8220;vamos precisar de voc\u00eas para fazer as coisas acontecerem.&#8221;<\/p>\n\n\n\n<p>&#8220;Com essa conex\u00e3o, tenho certeza de que a gente vai longe&#8221;, concluiu, recebendo <strong>calorosos aplausos<\/strong> da plateia.<\/p>\n\n\n\n<p>A palestra de <strong>H\u00e9linah Cardoso<\/strong> deixou uma mensagem clara: <strong>a eletromobilidade sustent\u00e1vel n\u00e3o se constr\u00f3i sozinha<\/strong> \u2013 ela se constr\u00f3i por meio de <strong>redes, alian\u00e7as e uma governan\u00e7a multin\u00edvel que integre todos os atores<\/strong>.<\/p>\n\n\n\n<p>S\u00f3 assim os projetos v\u00e3o <strong>sair do papel<\/strong>, <strong>ganhar escala<\/strong> e gerar <strong>impacto real na qualidade de vida das pessoas<\/strong> e na <strong>mitiga\u00e7\u00e3o das mudan\u00e7as clim\u00e1ticas na Am\u00e9rica Latina<\/strong>.<\/p>\n\n\n\n<figure class=\"wp-block-image size-large\"><img decoding=\"async\" width=\"1024\" height=\"683\" src=\"https:\/\/latamobility.com\/wp-content\/uploads\/2026\/04\/C40-a-1024x683.jpg\" alt=\"C40\" class=\"wp-image-64412\" srcset=\"https:\/\/latamobility.com\/wp-content\/uploads\/2026\/04\/C40-a-1024x683.jpg 1024w, https:\/\/latamobility.com\/wp-content\/uploads\/2026\/04\/C40-a-300x200.jpg 300w, https:\/\/latamobility.com\/wp-content\/uploads\/2026\/04\/C40-a-768x512.jpg 768w, https:\/\/latamobility.com\/wp-content\/uploads\/2026\/04\/C40-a-1536x1024.jpg 1536w, https:\/\/latamobility.com\/wp-content\/uploads\/2026\/04\/C40-a-600x400.jpg 600w, https:\/\/latamobility.com\/wp-content\/uploads\/2026\/04\/C40-a.jpg 2048w\" sizes=\"(max-width: 1024px) 100vw, 1024px\" \/><\/figure>\n\n\n\n<h2 class=\"wp-block-heading\" id=\"h-um-2026-de-consolidacao-para-a-mobilidade\">Um 2026 de Consolida\u00e7\u00e3o para a Mobilidade<\/h2>\n\n\n\n<p>O <strong>Latam Mobility 2026 Tour<\/strong> continua sua jornada pela regi\u00e3o, com o pr\u00f3ximo encontro acontecendo em <strong><a href=\"https:\/\/latamobility.com\/pt-br\/summit\/latam-mobility-netzero-brazil-2026\/\">S\u00e3o Paulo, Brasil<\/a>, nos dias 15 e 16 de abril<\/strong>. L\u00e1, l\u00edderes dos setores p\u00fablico e privado se reunir\u00e3o para analisar os avan\u00e7os e desafios da mobilidade sustent\u00e1vel, a eletrifica\u00e7\u00e3o dos transportes e as novas oportunidades para a transi\u00e7\u00e3o energ\u00e9tica na Am\u00e9rica Latina.<\/p>\n\n\n\n<p>Este evento se consolidou como uma plataforma fundamental para conectar empresas, autoridades, startups e institui\u00e7\u00f5es que impulsionam solu\u00e7\u00f5es inovadoras em transporte limpo, infraestrutura de recarga, energias renov\u00e1veis \u200b\u200be novas tecnologias para a mobilidade do futuro.<\/p>\n\n\n\n<p>Ap\u00f3s o <strong>Brasil<\/strong>, o tour seguir\u00e1 para <strong><a href=\"https:\/\/latamobility.com\/pt-br\/summit\/latam-mobility-colombia-2026\/\">Medell\u00edn, Col\u00f4mbia<\/a>, nos dias 10 e 11 de junho<\/strong>, e chegar\u00e1 a <strong><a href=\"https:\/\/latamobility.com\/pt-br\/summit\/latam-mobility-conosur-2026\/\">Santiago, Chile<\/a>, no dia 25 de agosto<\/strong>, reunindo especialistas e atores estrat\u00e9gicos para fortalecer ainda mais o ecossistema de mobilidade sustent\u00e1vel na regi\u00e3o.<\/p>\n\n\n\n<p>A turn\u00ea ser\u00e1 conclu\u00edda na <strong><a href=\"https:\/\/latamobility.com\/pt-br\/summit\/latam-mobility-mexico-2026\/\">Cidade do M\u00e9xico<\/a>, nos dias 12 e 13 de outubro<\/strong>, em paralelo ao <strong>Climate Economy Forum<\/strong>, em um evento que reunir\u00e1 l\u00edderes do setor para impulsionar ainda mais a transi\u00e7\u00e3o para sistemas de transporte mais eficientes, sustent\u00e1veis \u200b\u200be de baixa emiss\u00e3o na Am\u00e9rica Latina.<\/p>\n\n\n\n<p>A transi\u00e7\u00e3o j\u00e1 est\u00e1 em andamento. A <strong>Latam Mobility Tour 2026 <\/strong>ser\u00e1 o ponto de encontro para acelerar decis\u00f5es, conectar as principais partes interessadas e construir, de forma colaborativa, uma mobilidade sustent\u00e1vel na Am\u00e9rica Latina.<\/p>\n\n\n\n<figure class=\"wp-block-image\"><img loading=\"lazy\" decoding=\"async\" width=\"1024\" height=\"576\" src=\"https:\/\/latamobility.com\/wp-content\/uploads\/2026\/03\/Gira-IIL.jpg-1024x576.jpeg\" alt=\"\" class=\"wp-image-61124\" srcset=\"https:\/\/latamobility.com\/wp-content\/uploads\/2026\/03\/Gira-IIL.jpg-1024x576.jpeg 1024w, https:\/\/latamobility.com\/wp-content\/uploads\/2026\/03\/Gira-IIL.jpg-300x169.jpeg 300w, https:\/\/latamobility.com\/wp-content\/uploads\/2026\/03\/Gira-IIL.jpg-768x432.jpeg 768w, https:\/\/latamobility.com\/wp-content\/uploads\/2026\/03\/Gira-IIL.jpg-1536x864.jpeg 1536w, https:\/\/latamobility.com\/wp-content\/uploads\/2026\/03\/Gira-IIL.jpg-2048x1153.jpeg 2048w, https:\/\/latamobility.com\/wp-content\/uploads\/2026\/03\/Gira-IIL.jpg-600x338.jpeg 600w\" sizes=\"(max-width: 1024px) 100vw, 1024px\" \/><\/figure>\n","protected":false},"excerpt":{"rendered":"<p>Durante o &#8220;Latam Mobility &amp; Net Zero Brasil 2026&#8221;, que rolou em S\u00e3o Paulo, H\u00e9linah Cardoso (l\u00edder de engajamento da C40 e do Pacto Global de Prefeitos pelo Clima e a Energia (GCoM) ) apresentou a palestra &#8220;A import\u00e2ncia da coordena\u00e7\u00e3o multin\u00edvel e das redes na estrutura\u00e7\u00e3o de projetos de eletromobilidade e transporte&#8221;. Na sua&#8230;<\/p>\n","protected":false},"author":10,"featured_media":64421,"comment_status":"open","ping_status":"closed","sticky":false,"template":"","format":"standard","meta":{"_kad_post_transparent":"","_kad_post_title":"","_kad_post_layout":"","_kad_post_sidebar_id":"","_kad_post_content_style":"","_kad_post_vertical_padding":"","_kad_post_feature":"","_kad_post_feature_position":"","_kad_post_header":false,"_kad_post_footer":false,"_kad_post_classname":"","footnotes":""},"categories":[2972],"tags":[2253,2347,3665,3666,3593],"class_list":["post-64429","post","type-post","status-publish","format-standard","has-post-thumbnail","hentry","category-encuentros-movilidad-sostenible-pt-br","tag-brasil","tag-brasil-3","tag-c40","tag-gcom","tag-latam-mobility-brasil-2026"],"yoast_head":"<!-- This site is optimized with the Yoast SEO Premium plugin v22.7 (Yoast SEO v27.1.1) - https:\/\/yoast.com\/product\/yoast-seo-premium-wordpress\/ -->\n<title>C40 e GCoM impulsionam a coordena\u00e7\u00e3o multin\u00edvel para estruturar projetos de eletromobilidade no Brasil - Latam Mobility<\/title>\n<meta name=\"description\" content=\"Durante o &quot;Latam Mobility &amp; Net Zero Brasil 2026&quot;, que rolou em S\u00e3o Paulo, H\u00e9linah Cardoso (l\u00edder de engajamento da C40 e do Pacto Global de Prefeitos\" \/>\n<meta name=\"robots\" content=\"index, follow, max-snippet:-1, max-image-preview:large, max-video-preview:-1\" \/>\n<link rel=\"canonical\" href=\"https:\/\/latamobility.com\/c40-gobernanza-multinivel-electromovilidad-mutirao-brasil\/\" \/>\n<meta property=\"og:locale\" content=\"pt_BR\" \/>\n<meta property=\"og:type\" content=\"article\" \/>\n<meta property=\"og:title\" content=\"C40 e GCoM impulsionam a coordena\u00e7\u00e3o multin\u00edvel para estruturar projetos de eletromobilidade no Brasil\" \/>\n<meta property=\"og:description\" content=\"Durante o &quot;Latam Mobility &amp; Net Zero Brasil 2026&quot;, que rolou em S\u00e3o Paulo, H\u00e9linah Cardoso (l\u00edder de engajamento da C40 e do Pacto Global de Prefeitos\" \/>\n<meta property=\"og:url\" content=\"https:\/\/latamobility.com\/c40-gobernanza-multinivel-electromovilidad-mutirao-brasil\/\" \/>\n<meta property=\"og:site_name\" content=\"Latam Mobility\" \/>\n<meta property=\"article:publisher\" content=\"https:\/\/www.facebook.com\/latamobility\/\" \/>\n<meta property=\"article:published_time\" content=\"2026-04-27T10:05:00+00:00\" \/>\n<meta property=\"og:image\" content=\"https:\/\/latamobility.com\/wp-content\/uploads\/2026\/04\/C40-d.jpg\" \/>\n\t<meta property=\"og:image:width\" content=\"2048\" \/>\n\t<meta property=\"og:image:height\" content=\"1365\" \/>\n\t<meta property=\"og:image:type\" content=\"image\/jpeg\" \/>\n<meta name=\"author\" content=\"Antonio Vilela\" \/>\n<meta name=\"twitter:card\" content=\"summary_large_image\" \/>\n<meta name=\"twitter:creator\" content=\"@LataMobility\" \/>\n<meta name=\"twitter:site\" content=\"@LataMobility\" \/>\n<meta name=\"twitter:label1\" content=\"Escrito por\" \/>\n\t<meta name=\"twitter:data1\" content=\"Antonio Vilela\" \/>\n\t<meta name=\"twitter:label2\" content=\"Est. tempo de leitura\" \/>\n\t<meta name=\"twitter:data2\" content=\"6 minutos\" \/>\n<script type=\"application\/ld+json\" class=\"yoast-schema-graph\">{\"@context\":\"https:\/\/schema.org\",\"@graph\":[{\"@type\":\"NewsArticle\",\"@id\":\"https:\/\/latamobility.com\/c40-gobernanza-multinivel-electromovilidad-mutirao-brasil\/#article\",\"isPartOf\":{\"@id\":\"https:\/\/latamobility.com\/c40-gobernanza-multinivel-electromovilidad-mutirao-brasil\/\"},\"author\":{\"name\":\"Antonio Vilela\",\"@id\":\"https:\/\/latamobility.com\/#\/schema\/person\/fda092a2de1f87d347784282908bad1a\"},\"headline\":\"C40 e GCoM impulsionam a coordena\u00e7\u00e3o multin\u00edvel para estruturar projetos de eletromobilidade no Brasil\",\"datePublished\":\"2026-04-27T10:05:00+00:00\",\"mainEntityOfPage\":{\"@id\":\"https:\/\/latamobility.com\/c40-gobernanza-multinivel-electromovilidad-mutirao-brasil\/\"},\"wordCount\":1209,\"commentCount\":0,\"publisher\":{\"@id\":\"https:\/\/latamobility.com\/#organization\"},\"image\":{\"@id\":\"https:\/\/latamobility.com\/c40-gobernanza-multinivel-electromovilidad-mutirao-brasil\/#primaryimage\"},\"thumbnailUrl\":\"https:\/\/latamobility.com\/wp-content\/uploads\/2026\/04\/C40-d.jpg\",\"keywords\":[\"Brasil\",\"Brasil\",\"C40\",\"GCoM\",\"Latam Mobility Brasil 2026\"],\"articleSection\":[\"Encuentros\"],\"inLanguage\":\"pt-BR\",\"potentialAction\":[{\"@type\":\"CommentAction\",\"name\":\"Comment\",\"target\":[\"https:\/\/latamobility.com\/c40-gobernanza-multinivel-electromovilidad-mutirao-brasil\/#respond\"]}]},{\"@type\":\"WebPage\",\"@id\":\"https:\/\/latamobility.com\/c40-gobernanza-multinivel-electromovilidad-mutirao-brasil\/\",\"url\":\"https:\/\/latamobility.com\/c40-gobernanza-multinivel-electromovilidad-mutirao-brasil\/\",\"name\":\"C40 e GCoM impulsionam a coordena\u00e7\u00e3o multin\u00edvel para estruturar projetos de eletromobilidade no Brasil - Latam Mobility\",\"isPartOf\":{\"@id\":\"https:\/\/latamobility.com\/#website\"},\"primaryImageOfPage\":{\"@id\":\"https:\/\/latamobility.com\/c40-gobernanza-multinivel-electromovilidad-mutirao-brasil\/#primaryimage\"},\"image\":{\"@id\":\"https:\/\/latamobility.com\/c40-gobernanza-multinivel-electromovilidad-mutirao-brasil\/#primaryimage\"},\"thumbnailUrl\":\"https:\/\/latamobility.com\/wp-content\/uploads\/2026\/04\/C40-d.jpg\",\"datePublished\":\"2026-04-27T10:05:00+00:00\",\"description\":\"Durante o \\\"Latam Mobility &amp; Net Zero Brasil 2026\\\", que rolou em S\u00e3o Paulo, H\u00e9linah Cardoso (l\u00edder de engajamento da C40 e do Pacto Global de Prefeitos\",\"breadcrumb\":{\"@id\":\"https:\/\/latamobility.com\/c40-gobernanza-multinivel-electromovilidad-mutirao-brasil\/#breadcrumb\"},\"inLanguage\":\"pt-BR\",\"potentialAction\":[{\"@type\":\"ReadAction\",\"target\":[\"https:\/\/latamobility.com\/c40-gobernanza-multinivel-electromovilidad-mutirao-brasil\/\"]}]},{\"@type\":\"ImageObject\",\"inLanguage\":\"pt-BR\",\"@id\":\"https:\/\/latamobility.com\/c40-gobernanza-multinivel-electromovilidad-mutirao-brasil\/#primaryimage\",\"url\":\"https:\/\/latamobility.com\/wp-content\/uploads\/2026\/04\/C40-d.jpg\",\"contentUrl\":\"https:\/\/latamobility.com\/wp-content\/uploads\/2026\/04\/C40-d.jpg\",\"width\":2048,\"height\":1365,\"caption\":\"C40\"},{\"@type\":\"BreadcrumbList\",\"@id\":\"https:\/\/latamobility.com\/c40-gobernanza-multinivel-electromovilidad-mutirao-brasil\/#breadcrumb\",\"itemListElement\":[{\"@type\":\"ListItem\",\"position\":1,\"name\":\"Portada\",\"item\":\"https:\/\/latamobility.com\/pt-br\/\"},{\"@type\":\"ListItem\",\"position\":2,\"name\":\"C40 e GCoM impulsionam a coordena\u00e7\u00e3o multin\u00edvel para estruturar projetos de eletromobilidade no Brasil\"}]},{\"@type\":\"WebSite\",\"@id\":\"https:\/\/latamobility.com\/#website\",\"url\":\"https:\/\/latamobility.com\/\",\"name\":\"Latam Mobility\",\"description\":\"Serie de Eventos para promover la Movilidad y Transporte sostenible en Latinoam\u00e9rica\",\"publisher\":{\"@id\":\"https:\/\/latamobility.com\/#organization\"},\"potentialAction\":[{\"@type\":\"SearchAction\",\"target\":{\"@type\":\"EntryPoint\",\"urlTemplate\":\"https:\/\/latamobility.com\/?s={search_term_string}\"},\"query-input\":{\"@type\":\"PropertyValueSpecification\",\"valueRequired\":true,\"valueName\":\"search_term_string\"}}],\"inLanguage\":\"pt-BR\"},{\"@type\":\"Organization\",\"@id\":\"https:\/\/latamobility.com\/#organization\",\"name\":\"LATAM MOBILITY\",\"url\":\"https:\/\/latamobility.com\/\",\"logo\":{\"@type\":\"ImageObject\",\"inLanguage\":\"pt-BR\",\"@id\":\"https:\/\/latamobility.com\/#\/schema\/logo\/image\/\",\"url\":\"https:\/\/latamobility.com\/wp-content\/uploads\/2025\/01\/logos-LM-LG-2025-10.png\",\"contentUrl\":\"https:\/\/latamobility.com\/wp-content\/uploads\/2025\/01\/logos-LM-LG-2025-10.png\",\"width\":1080,\"height\":1080,\"caption\":\"LATAM MOBILITY\"},\"image\":{\"@id\":\"https:\/\/latamobility.com\/#\/schema\/logo\/image\/\"},\"sameAs\":[\"https:\/\/www.facebook.com\/latamobility\/\",\"https:\/\/x.com\/LataMobility\",\"https:\/\/www.instagram.com\/latamobility\/\",\"https:\/\/www.linkedin.com\/company\/latamobility\/\",\"https:\/\/www.youtube.com\/channel\/UCtcslRCRY0vITWaOQ1X0XUA\"]},{\"@type\":\"Person\",\"@id\":\"https:\/\/latamobility.com\/#\/schema\/person\/fda092a2de1f87d347784282908bad1a\",\"name\":\"Antonio Vilela\",\"image\":{\"@type\":\"ImageObject\",\"inLanguage\":\"pt-BR\",\"@id\":\"https:\/\/latamobility.com\/#\/schema\/person\/image\/\",\"url\":\"https:\/\/secure.gravatar.com\/avatar\/7eee8196fd2fda180806d7b41cd517f274d5ad3b9f65d873feb3ca7e2b3a72d2?s=96&d=mm&r=g\",\"contentUrl\":\"https:\/\/secure.gravatar.com\/avatar\/7eee8196fd2fda180806d7b41cd517f274d5ad3b9f65d873feb3ca7e2b3a72d2?s=96&d=mm&r=g\",\"caption\":\"Antonio Vilela\"}}]}<\/script>\n<!-- \/ Yoast SEO Premium plugin. -->","yoast_head_json":{"title":"C40 e GCoM impulsionam a coordena\u00e7\u00e3o multin\u00edvel para estruturar projetos de eletromobilidade no Brasil - Latam Mobility","description":"Durante o \"Latam Mobility &amp; Net Zero Brasil 2026\", que rolou em S\u00e3o Paulo, H\u00e9linah Cardoso (l\u00edder de engajamento da C40 e do Pacto Global de Prefeitos","robots":{"index":"index","follow":"follow","max-snippet":"max-snippet:-1","max-image-preview":"max-image-preview:large","max-video-preview":"max-video-preview:-1"},"canonical":"https:\/\/latamobility.com\/c40-gobernanza-multinivel-electromovilidad-mutirao-brasil\/","og_locale":"pt_BR","og_type":"article","og_title":"C40 e GCoM impulsionam a coordena\u00e7\u00e3o multin\u00edvel para estruturar projetos de eletromobilidade no Brasil","og_description":"Durante o \"Latam Mobility &amp; Net Zero Brasil 2026\", que rolou em S\u00e3o Paulo, H\u00e9linah Cardoso (l\u00edder de engajamento da C40 e do Pacto Global de Prefeitos","og_url":"https:\/\/latamobility.com\/c40-gobernanza-multinivel-electromovilidad-mutirao-brasil\/","og_site_name":"Latam Mobility","article_publisher":"https:\/\/www.facebook.com\/latamobility\/","article_published_time":"2026-04-27T10:05:00+00:00","og_image":[{"width":2048,"height":1365,"url":"https:\/\/latamobility.com\/wp-content\/uploads\/2026\/04\/C40-d.jpg","type":"image\/jpeg"}],"author":"Antonio Vilela","twitter_card":"summary_large_image","twitter_creator":"@LataMobility","twitter_site":"@LataMobility","twitter_misc":{"Escrito por":"Antonio Vilela","Est. tempo de leitura":"6 minutos"},"schema":{"@context":"https:\/\/schema.org","@graph":[{"@type":"NewsArticle","@id":"https:\/\/latamobility.com\/c40-gobernanza-multinivel-electromovilidad-mutirao-brasil\/#article","isPartOf":{"@id":"https:\/\/latamobility.com\/c40-gobernanza-multinivel-electromovilidad-mutirao-brasil\/"},"author":{"name":"Antonio Vilela","@id":"https:\/\/latamobility.com\/#\/schema\/person\/fda092a2de1f87d347784282908bad1a"},"headline":"C40 e GCoM impulsionam a coordena\u00e7\u00e3o multin\u00edvel para estruturar projetos de eletromobilidade no Brasil","datePublished":"2026-04-27T10:05:00+00:00","mainEntityOfPage":{"@id":"https:\/\/latamobility.com\/c40-gobernanza-multinivel-electromovilidad-mutirao-brasil\/"},"wordCount":1209,"commentCount":0,"publisher":{"@id":"https:\/\/latamobility.com\/#organization"},"image":{"@id":"https:\/\/latamobility.com\/c40-gobernanza-multinivel-electromovilidad-mutirao-brasil\/#primaryimage"},"thumbnailUrl":"https:\/\/latamobility.com\/wp-content\/uploads\/2026\/04\/C40-d.jpg","keywords":["Brasil","Brasil","C40","GCoM","Latam Mobility Brasil 2026"],"articleSection":["Encuentros"],"inLanguage":"pt-BR","potentialAction":[{"@type":"CommentAction","name":"Comment","target":["https:\/\/latamobility.com\/c40-gobernanza-multinivel-electromovilidad-mutirao-brasil\/#respond"]}]},{"@type":"WebPage","@id":"https:\/\/latamobility.com\/c40-gobernanza-multinivel-electromovilidad-mutirao-brasil\/","url":"https:\/\/latamobility.com\/c40-gobernanza-multinivel-electromovilidad-mutirao-brasil\/","name":"C40 e GCoM impulsionam a coordena\u00e7\u00e3o multin\u00edvel para estruturar projetos de eletromobilidade no Brasil - Latam Mobility","isPartOf":{"@id":"https:\/\/latamobility.com\/#website"},"primaryImageOfPage":{"@id":"https:\/\/latamobility.com\/c40-gobernanza-multinivel-electromovilidad-mutirao-brasil\/#primaryimage"},"image":{"@id":"https:\/\/latamobility.com\/c40-gobernanza-multinivel-electromovilidad-mutirao-brasil\/#primaryimage"},"thumbnailUrl":"https:\/\/latamobility.com\/wp-content\/uploads\/2026\/04\/C40-d.jpg","datePublished":"2026-04-27T10:05:00+00:00","description":"Durante o \"Latam Mobility &amp; Net Zero Brasil 2026\", que rolou em S\u00e3o Paulo, H\u00e9linah Cardoso (l\u00edder de engajamento da C40 e do Pacto Global de Prefeitos","breadcrumb":{"@id":"https:\/\/latamobility.com\/c40-gobernanza-multinivel-electromovilidad-mutirao-brasil\/#breadcrumb"},"inLanguage":"pt-BR","potentialAction":[{"@type":"ReadAction","target":["https:\/\/latamobility.com\/c40-gobernanza-multinivel-electromovilidad-mutirao-brasil\/"]}]},{"@type":"ImageObject","inLanguage":"pt-BR","@id":"https:\/\/latamobility.com\/c40-gobernanza-multinivel-electromovilidad-mutirao-brasil\/#primaryimage","url":"https:\/\/latamobility.com\/wp-content\/uploads\/2026\/04\/C40-d.jpg","contentUrl":"https:\/\/latamobility.com\/wp-content\/uploads\/2026\/04\/C40-d.jpg","width":2048,"height":1365,"caption":"C40"},{"@type":"BreadcrumbList","@id":"https:\/\/latamobility.com\/c40-gobernanza-multinivel-electromovilidad-mutirao-brasil\/#breadcrumb","itemListElement":[{"@type":"ListItem","position":1,"name":"Portada","item":"https:\/\/latamobility.com\/pt-br\/"},{"@type":"ListItem","position":2,"name":"C40 e GCoM impulsionam a coordena\u00e7\u00e3o multin\u00edvel para estruturar projetos de eletromobilidade no Brasil"}]},{"@type":"WebSite","@id":"https:\/\/latamobility.com\/#website","url":"https:\/\/latamobility.com\/","name":"Latam Mobility","description":"Serie de Eventos para promover la Movilidad y Transporte sostenible en Latinoam\u00e9rica","publisher":{"@id":"https:\/\/latamobility.com\/#organization"},"potentialAction":[{"@type":"SearchAction","target":{"@type":"EntryPoint","urlTemplate":"https:\/\/latamobility.com\/?s={search_term_string}"},"query-input":{"@type":"PropertyValueSpecification","valueRequired":true,"valueName":"search_term_string"}}],"inLanguage":"pt-BR"},{"@type":"Organization","@id":"https:\/\/latamobility.com\/#organization","name":"LATAM MOBILITY","url":"https:\/\/latamobility.com\/","logo":{"@type":"ImageObject","inLanguage":"pt-BR","@id":"https:\/\/latamobility.com\/#\/schema\/logo\/image\/","url":"https:\/\/latamobility.com\/wp-content\/uploads\/2025\/01\/logos-LM-LG-2025-10.png","contentUrl":"https:\/\/latamobility.com\/wp-content\/uploads\/2025\/01\/logos-LM-LG-2025-10.png","width":1080,"height":1080,"caption":"LATAM MOBILITY"},"image":{"@id":"https:\/\/latamobility.com\/#\/schema\/logo\/image\/"},"sameAs":["https:\/\/www.facebook.com\/latamobility\/","https:\/\/x.com\/LataMobility","https:\/\/www.instagram.com\/latamobility\/","https:\/\/www.linkedin.com\/company\/latamobility\/","https:\/\/www.youtube.com\/channel\/UCtcslRCRY0vITWaOQ1X0XUA"]},{"@type":"Person","@id":"https:\/\/latamobility.com\/#\/schema\/person\/fda092a2de1f87d347784282908bad1a","name":"Antonio Vilela","image":{"@type":"ImageObject","inLanguage":"pt-BR","@id":"https:\/\/latamobility.com\/#\/schema\/person\/image\/","url":"https:\/\/secure.gravatar.com\/avatar\/7eee8196fd2fda180806d7b41cd517f274d5ad3b9f65d873feb3ca7e2b3a72d2?s=96&d=mm&r=g","contentUrl":"https:\/\/secure.gravatar.com\/avatar\/7eee8196fd2fda180806d7b41cd517f274d5ad3b9f65d873feb3ca7e2b3a72d2?s=96&d=mm&r=g","caption":"Antonio Vilela"}}]}},"_links":{"self":[{"href":"https:\/\/latamobility.com\/pt-br\/wp-json\/wp\/v2\/posts\/64429","targetHints":{"allow":["GET"]}}],"collection":[{"href":"https:\/\/latamobility.com\/pt-br\/wp-json\/wp\/v2\/posts"}],"about":[{"href":"https:\/\/latamobility.com\/pt-br\/wp-json\/wp\/v2\/types\/post"}],"author":[{"embeddable":true,"href":"https:\/\/latamobility.com\/pt-br\/wp-json\/wp\/v2\/users\/10"}],"replies":[{"embeddable":true,"href":"https:\/\/latamobility.com\/pt-br\/wp-json\/wp\/v2\/comments?post=64429"}],"version-history":[{"count":1,"href":"https:\/\/latamobility.com\/pt-br\/wp-json\/wp\/v2\/posts\/64429\/revisions"}],"predecessor-version":[{"id":64430,"href":"https:\/\/latamobility.com\/pt-br\/wp-json\/wp\/v2\/posts\/64429\/revisions\/64430"}],"wp:featuredmedia":[{"embeddable":true,"href":"https:\/\/latamobility.com\/pt-br\/wp-json\/wp\/v2\/media\/64421"}],"wp:attachment":[{"href":"https:\/\/latamobility.com\/pt-br\/wp-json\/wp\/v2\/media?parent=64429"}],"wp:term":[{"taxonomy":"category","embeddable":true,"href":"https:\/\/latamobility.com\/pt-br\/wp-json\/wp\/v2\/categories?post=64429"},{"taxonomy":"post_tag","embeddable":true,"href":"https:\/\/latamobility.com\/pt-br\/wp-json\/wp\/v2\/tags?post=64429"}],"curies":[{"name":"wp","href":"https:\/\/api.w.org\/{rel}","templated":true}]}}